{"id":52479,"date":"2022-07-22T17:30:11","date_gmt":"2022-07-22T21:30:11","guid":{"rendered":"https:\/\/www.brazilianpress.com\/v1\/?p=52479"},"modified":"2022-07-22T17:30:11","modified_gmt":"2022-07-22T21:30:11","slug":"cada-vez-mais-chegam-a-belo-horizonte-voos-com-brasileiros-deportados-dos-eua","status":"publish","type":"post","link":"https:\/\/www.brazilianpress.com\/v1\/2022\/07\/22\/cada-vez-mais-chegam-a-belo-horizonte-voos-com-brasileiros-deportados-dos-eua\/","title":{"rendered":"Cada vez mais chegam \u00e0 Belo Horizonte voos com brasileiros deportados dos EUA"},"content":{"rendered":"<p><strong>Cada vez mais chegam a Belo Horizonte voos com brasileiros deportados dos EUA, batendo recordes nos primeiros seis meses de 2022 e j\u00e1 \u00e9 maior do que o registrado em 2021. Pessoas que desembarcam visivelmente frustradas por n\u00e3o ter atingido o objetivo de viver nos Estados Unidos, relatam a tristeza na volta for\u00e7ada ao Brasil.<\/strong><\/p>\n<p>A deporta\u00e7\u00e3o de brasileiros que viviam nos EUA, segundo autoridades de imigra\u00e7\u00e3o, disparou em 2022.\u00a0S\u00f3 nos seis primeiros meses do ano, 2.221 pessoas desembarcaram em Belo Horizonte\u00a0em avi\u00f5es que traziam at\u00e9 fam\u00edlias inteiras que estavam em situa\u00e7\u00e3o irregular ou que tentaram entrar no pa\u00eds ilegalmente.<\/p>\n<p>Esse n\u00famero j\u00e1 supera o do ano passado inteiro, quando 2.122 brasileiros foram expulsos dos EUA. Com isso, o n\u00famero vem aumentando desde uma mudan\u00e7a na lei brasileira em 2019, que at\u00e9 ent\u00e3o proibia a emiss\u00e3o de passaportes se o cidad\u00e3o n\u00e3o pedisse, o que impedia a deporta\u00e7\u00e3o de brasileiros que se recusassem a solicitar o documento.<\/p>\n<p>O governo de Jair Bolsonaro atendeu a um pedido do ent\u00e3o governo do presidente Donald Trump, e assinou uma portaria com novas regras.\u00a0Passaram a ser autorizadas as deporta\u00e7\u00f5es de brasileiros que viviam ilegalmente no pa\u00eds. No lugar do passaporte, passou a ser necess\u00e1rio apenas um atestado de nacionalidade.<\/p>\n<p>Desde o acordo assinado,\u00a0voos com deportados brasileiros chegam com frequ\u00eancia ao Aeroporto Internacional de Belo Horizonte, retratando um cen\u00e1rio de desola\u00e7\u00e3o e incerteza. E segundo Sueli Siqueira, pesquisadora especialista em imigra\u00e7\u00e3o, a crise econ\u00f4mica brasileira levou cada vez mais brasileiros a tentarem entrar ilegalmente nos EUA.<\/p>\n<p>\u201cS\u00e3o pessoas que est\u00e3o em busca de uma qualidade de vida. \u00c9 uma desesperan\u00e7a de que aqui \u00e9 poss\u00edvel, de que l\u00e1 a vida vai ser melhor, que eu posso conquistar condi\u00e7\u00f5es melhores. N\u00e3o \u00e9 mais o projeto de juntar dinheiro e voltar. O projeto, agora, \u00e9 de viver l\u00e1\u201d, explica a pesquisadora.<\/p>\n","protected":false},"excerpt":{"rendered":"<p>Cada vez mais chegam a Belo Horizonte voos com brasileiros deportados dos EUA, batendo recordes nos primeiros seis meses de 2022 e j\u00e1 \u00e9 maior do que o registrado em 2021. Pessoas que desembarcam visivelmente frustradas por n\u00e3o ter atingido o objetivo de viver nos Estados Unidos, relatam a tristeza na volta for\u00e7ada ao Brasil. A deporta\u00e7\u00e3o de brasileiros que viviam nos EUA, segundo autoridades de imigra\u00e7\u00e3o, disparou em 2022.\u00a0S\u00f3 nos seis primeiros meses do ano, 2.221 pessoas desembarcaram em Belo Horizonte\u00a0em avi\u00f5es que traziam at\u00e9 fam\u00edlias inteiras que estavam em situa\u00e7\u00e3o irregular ou que tentaram entrar no pa\u00eds ilegalmente. [&hellip;]<\/p>\n","protected":false},"author":1,"featured_media":52480,"comment_status":"open","ping_status":"closed","sticky":false,"template":"","format":"standard","meta":{"_links_to":"","_links_to_target":""},"categories":[7,3,1],"tags":[],"views":1404,"_links":{"self":[{"href":"https:\/\/www.brazilianpress.com\/v1\/wp-json\/wp\/v2\/posts\/52479"}],"collection":[{"href":"https:\/\/www.brazilianpress.com\/v1\/wp-json\/wp\/v2\/posts"}],"about":[{"href":"https:\/\/www.brazilianpress.com\/v1\/wp-json\/wp\/v2\/types\/post"}],"author":[{"embeddable":true,"href":"https:\/\/www.brazilianpress.com\/v1\/wp-json\/wp\/v2\/users\/1"}],"replies":[{"embeddable":true,"href":"https:\/\/www.brazilianpress.com\/v1\/wp-json\/wp\/v2\/comments?post=52479"}],"version-history":[{"count":1,"href":"https:\/\/www.brazilianpress.com\/v1\/wp-json\/wp\/v2\/posts\/52479\/revisions"}],"predecessor-version":[{"id":52481,"href":"https:\/\/www.brazilianpress.com\/v1\/wp-json\/wp\/v2\/posts\/52479\/revisions\/52481"}],"wp:featuredmedia":[{"embeddable":true,"href":"https:\/\/www.brazilianpress.com\/v1\/wp-json\/wp\/v2\/media\/52480"}],"wp:attachment":[{"href":"https:\/\/www.brazilianpress.com\/v1\/wp-json\/wp\/v2\/media?parent=52479"}],"wp:term":[{"taxonomy":"category","embeddable":true,"href":"https:\/\/www.brazilianpress.com\/v1\/wp-json\/wp\/v2\/categories?post=52479"},{"taxonomy":"post_tag","embeddable":true,"href":"https:\/\/www.brazilianpress.com\/v1\/wp-json\/wp\/v2\/tags?post=52479"}],"curies":[{"name":"wp","href":"https:\/\/api.w.org\/{rel}","templated":true}]}}