{"id":52488,"date":"2022-07-23T14:19:32","date_gmt":"2022-07-23T18:19:32","guid":{"rendered":"https:\/\/www.brazilianpress.com\/v1\/?p=52488"},"modified":"2022-07-23T14:19:32","modified_gmt":"2022-07-23T18:19:32","slug":"guilherme-castilho-atletico-mg-recebe-contatos-do-mercado-pelo-volante-e-avalia-possivel-saida","status":"publish","type":"post","link":"https:\/\/www.brazilianpress.com\/v1\/2022\/07\/23\/guilherme-castilho-atletico-mg-recebe-contatos-do-mercado-pelo-volante-e-avalia-possivel-saida\/","title":{"rendered":"Guilherme Castilho: Atl\u00e9tico-MG recebe contatos do mercado pelo volante, e avalia poss\u00edvel sa\u00edda"},"content":{"rendered":"<p><strong>Enquanto cria expectativa pela utiliza\u00e7\u00e3o\u00a0dos novos quatro contratados, o\u00a0Atl\u00e9tico-MG\u00a0tamb\u00e9m \u00e9 alvo de interesses do mercado para a sa\u00edda de jogadores. O volante Guilherme Castilho \u00e9 um nome aquecido. O Galo recebeu liga\u00e7\u00f5es, e avalia qual ser\u00e1 a melhor decis\u00e3o para o jovem atleta.<\/strong><\/p>\n<p>Castilho, que voltou ao clube no in\u00edcio do ano ap\u00f3s per\u00edodo de empr\u00e9stimo no Juventude, perdeu espa\u00e7o na equipe. Hoje, o meio de campo do Atl\u00e9tico se concentra no trio Allan, Jair e Ot\u00e1vio, nas fun\u00e7\u00f5es de conten\u00e7\u00e3o e liga\u00e7\u00e3o.<\/p>\n<p>O\u00a0ge\u00a0apurou que Gr\u00eamio, Cear\u00e1 e Cuiab\u00e1 foram alguns dos clubes interessados no jogador, e que vieram com sondagens mais robustas. No caso do Cear\u00e1, a situa\u00e7\u00e3o se alinhavou para compra. Com 22 anos, Castilho foi comprado pelo Atl\u00e9tico em 2021, junto ao Mirassol, por R$ 400 mil.<\/p>\n<p>No Juventude, se destacou. Fez parte da equipe que se livrou do rebaixamento no ano passado. O time tamb\u00e9m tinha Vitor Mendes, zagueiro que pertence ao Atl\u00e9tico, que tamb\u00e9m havia retornado em janeiro, mas foi repassado novamente ao clube ga\u00facho.<\/p>\n<p>Guilherme Castilho participou de nove jogos na temporada 2022. Sua \u00faltima partida foi diante do Fortaleza, titular, sendo substitu\u00eddo no intervalo. Foram apenas tr\u00eas jogos na S\u00e9rie A do Brasileiro e, portanto, poderia atuar na primeira divis\u00e3o por outra equipe.<\/p>\n<p>&#8220;Bora de Brasileir\u00e3o! A maior oferta de jogos por um pre\u00e7o que d\u00e1 jogo. Assine o Premiere!&#8221;<\/p>\n<p>F\u00e1bio Gomes<br \/>\nOutra pe\u00e7a que o mercado est\u00e1 de olho entre os jogadores n\u00e3o t\u00e3o utilizados no Atl\u00e9tico \u00e9 o atacante F\u00e1bio Gomes. Reserva da posi\u00e7\u00e3o, pouco \u00e9 utilizado. O jogador foi contratado pelo Galo junto ao Oeste-SP, por cerca de US$ 750 mil, ap\u00f3s passagem na MLS.<\/p>\n<p>Gomes tem apenas quatro jogos na S\u00e9rie A. A \u00faltima vez que foi utilizado foi nos segundos finais da partida contra o Juventude, em Caxias, quando o Galo venceu por 2 a 1, em 2 de julho. Um total de 15 jogos (e 3 gols) na temporada. As chances tendem a ficar at\u00e9 mais reduzidas, com a chegada de Alan Kardec para o setor.<\/p>\n","protected":false},"excerpt":{"rendered":"<p>Enquanto cria expectativa pela utiliza\u00e7\u00e3o\u00a0dos novos quatro contratados, o\u00a0Atl\u00e9tico-MG\u00a0tamb\u00e9m \u00e9 alvo de interesses do mercado para a sa\u00edda de jogadores. O volante Guilherme Castilho \u00e9 um nome aquecido. O Galo recebeu liga\u00e7\u00f5es, e avalia qual ser\u00e1 a melhor decis\u00e3o para o jovem atleta. Castilho, que voltou ao clube no in\u00edcio do ano ap\u00f3s per\u00edodo de empr\u00e9stimo no Juventude, perdeu espa\u00e7o na equipe. Hoje, o meio de campo do Atl\u00e9tico se concentra no trio Allan, Jair e Ot\u00e1vio, nas fun\u00e7\u00f5es de conten\u00e7\u00e3o e liga\u00e7\u00e3o. O\u00a0ge\u00a0apurou que Gr\u00eamio, Cear\u00e1 e Cuiab\u00e1 foram alguns dos clubes interessados no jogador, e que vieram com [&hellip;]<\/p>\n","protected":false},"author":1,"featured_media":52489,"comment_status":"open","ping_status":"closed","sticky":false,"template":"","format":"standard","meta":{"_links_to":"","_links_to_target":""},"categories":[9,1],"tags":[],"views":884,"_links":{"self":[{"href":"https:\/\/www.brazilianpress.com\/v1\/wp-json\/wp\/v2\/posts\/52488"}],"collection":[{"href":"https:\/\/www.brazilianpress.com\/v1\/wp-json\/wp\/v2\/posts"}],"about":[{"href":"https:\/\/www.brazilianpress.com\/v1\/wp-json\/wp\/v2\/types\/post"}],"author":[{"embeddable":true,"href":"https:\/\/www.brazilianpress.com\/v1\/wp-json\/wp\/v2\/users\/1"}],"replies":[{"embeddable":true,"href":"https:\/\/www.brazilianpress.com\/v1\/wp-json\/wp\/v2\/comments?post=52488"}],"version-history":[{"count":1,"href":"https:\/\/www.brazilianpress.com\/v1\/wp-json\/wp\/v2\/posts\/52488\/revisions"}],"predecessor-version":[{"id":52490,"href":"https:\/\/www.brazilianpress.com\/v1\/wp-json\/wp\/v2\/posts\/52488\/revisions\/52490"}],"wp:featuredmedia":[{"embeddable":true,"href":"https:\/\/www.brazilianpress.com\/v1\/wp-json\/wp\/v2\/media\/52489"}],"wp:attachment":[{"href":"https:\/\/www.brazilianpress.com\/v1\/wp-json\/wp\/v2\/media?parent=52488"}],"wp:term":[{"taxonomy":"category","embeddable":true,"href":"https:\/\/www.brazilianpress.com\/v1\/wp-json\/wp\/v2\/categories?post=52488"},{"taxonomy":"post_tag","embeddable":true,"href":"https:\/\/www.brazilianpress.com\/v1\/wp-json\/wp\/v2\/tags?post=52488"}],"curies":[{"name":"wp","href":"https:\/\/api.w.org\/{rel}","templated":true}]}}