{"id":52517,"date":"2022-07-27T17:17:15","date_gmt":"2022-07-27T21:17:15","guid":{"rendered":"https:\/\/www.brazilianpress.com\/v1\/?p=52517"},"modified":"2022-07-27T17:17:15","modified_gmt":"2022-07-27T21:17:15","slug":"cartao-de-identificacao-para-migrantes-esta-sendo-desenvolvido-pelo-ice","status":"publish","type":"post","link":"https:\/\/www.brazilianpress.com\/v1\/2022\/07\/27\/cartao-de-identificacao-para-migrantes-esta-sendo-desenvolvido-pelo-ice\/","title":{"rendered":"Cart\u00e3o de identifica\u00e7\u00e3o para migrantes est\u00e1 sendo desenvolvido pelo ICE"},"content":{"rendered":"<p><strong>Os porta-vozes do ICE confirmaram que est\u00e3o desenvolvendo um programa piloto para dar aos imigrantes cart\u00f5es de identifica\u00e7\u00e3o eletr\u00f4nica. O ICE indicou que o programa desenvolver\u00e1 um cart\u00e3o seguro que compilar\u00e1 os documentos pertinentes ao caso e ser\u00e1 eletr\u00f4nico, moderno, consistente e verific\u00e1vel para os imigrantes.<\/strong><\/p>\n<p>As novas tecnologias s\u00e3o cada vez mais utilizadas pelas autoridades de imigra\u00e7\u00e3o. Os porta-vozes do ICE confirmaram que os imigrantes indocumentados que forem libertados, no futuro, poder\u00e3o potencialmente receber um cart\u00e3o de identifica\u00e7\u00e3o eletr\u00f3nico, que compilar\u00e1 v\u00e1rios documentos e incluir\u00e1 uma fotografia, informa\u00e7\u00e3o biogr\u00e1fica da pessoa e medidas de seguran\u00e7a com tecnologia avan\u00e7ada. A advogada de imigra\u00e7\u00e3o Alma Rosa Nieto acredita que a proposta pode ter seus benef\u00edcios.<\/p>\n<p>Em comunicado, os porta-vozes do ICE explicaram que o cart\u00e3o de identifica\u00e7\u00e3o eletr\u00f4nico ajudaria quando os agentes do ICE encontram um imigrante nas comunidades, pois poder\u00e3o verificar facilmente com a carteira de identidade se foram liberados anteriormente da cust\u00f3dia e\/ou deporta\u00e7\u00e3o.<\/p>\n<p>E como disse a advogada Nieto, facilitaria aos imigrantes verificar e agendar audi\u00eancia na Corte ou com o ICE atrav\u00e9s de um portal de internet em desenvolvimento com seu cart\u00e3o de identifica\u00e7\u00e3o. Mas os grupos que vigiam as tecnologias de rastreio do ICE, desconfiam das diversas e crescentes modalidades de monitoramento de imigrantes.<\/p>\n<p>Este programa piloto poderia come\u00e7ar no final deste ano e incluiria um c\u00f3digo QR atrav\u00e9s de um aplicativo para celulares. Acredita-se que o documento digital tamb\u00e9m serviria para voos dom\u00e9sticos. Como disse o advogado Nieto, seria mais f\u00e1cil para os imigrantes verificarem e agendar audi\u00eancias judiciais ou com o ICE por meio de um portal de internet em desenvolvimento com seu cart\u00e3o de identifica\u00e7\u00e3o. Mas os grupos que monitoram as tecnologias de rastreamento do ICE desconfiam das diversas e crescentes modalidades de monitoramento de imigrantes.<\/p>\n","protected":false},"excerpt":{"rendered":"<p>Os porta-vozes do ICE confirmaram que est\u00e3o desenvolvendo um programa piloto para dar aos imigrantes cart\u00f5es de identifica\u00e7\u00e3o eletr\u00f4nica. O ICE indicou que o programa desenvolver\u00e1 um cart\u00e3o seguro que compilar\u00e1 os documentos pertinentes ao caso e ser\u00e1 eletr\u00f4nico, moderno, consistente e verific\u00e1vel para os imigrantes. As novas tecnologias s\u00e3o cada vez mais utilizadas pelas autoridades de imigra\u00e7\u00e3o. Os porta-vozes do ICE confirmaram que os imigrantes indocumentados que forem libertados, no futuro, poder\u00e3o potencialmente receber um cart\u00e3o de identifica\u00e7\u00e3o eletr\u00f3nico, que compilar\u00e1 v\u00e1rios documentos e incluir\u00e1 uma fotografia, informa\u00e7\u00e3o biogr\u00e1fica da pessoa e medidas de seguran\u00e7a com tecnologia avan\u00e7ada. A [&hellip;]<\/p>\n","protected":false},"author":1,"featured_media":50874,"comment_status":"open","ping_status":"closed","sticky":false,"template":"","format":"standard","meta":{"_links_to":"","_links_to_target":""},"categories":[4,3,1],"tags":[],"views":1073,"_links":{"self":[{"href":"https:\/\/www.brazilianpress.com\/v1\/wp-json\/wp\/v2\/posts\/52517"}],"collection":[{"href":"https:\/\/www.brazilianpress.com\/v1\/wp-json\/wp\/v2\/posts"}],"about":[{"href":"https:\/\/www.brazilianpress.com\/v1\/wp-json\/wp\/v2\/types\/post"}],"author":[{"embeddable":true,"href":"https:\/\/www.brazilianpress.com\/v1\/wp-json\/wp\/v2\/users\/1"}],"replies":[{"embeddable":true,"href":"https:\/\/www.brazilianpress.com\/v1\/wp-json\/wp\/v2\/comments?post=52517"}],"version-history":[{"count":1,"href":"https:\/\/www.brazilianpress.com\/v1\/wp-json\/wp\/v2\/posts\/52517\/revisions"}],"predecessor-version":[{"id":52518,"href":"https:\/\/www.brazilianpress.com\/v1\/wp-json\/wp\/v2\/posts\/52517\/revisions\/52518"}],"wp:featuredmedia":[{"embeddable":true,"href":"https:\/\/www.brazilianpress.com\/v1\/wp-json\/wp\/v2\/media\/50874"}],"wp:attachment":[{"href":"https:\/\/www.brazilianpress.com\/v1\/wp-json\/wp\/v2\/media?parent=52517"}],"wp:term":[{"taxonomy":"category","embeddable":true,"href":"https:\/\/www.brazilianpress.com\/v1\/wp-json\/wp\/v2\/categories?post=52517"},{"taxonomy":"post_tag","embeddable":true,"href":"https:\/\/www.brazilianpress.com\/v1\/wp-json\/wp\/v2\/tags?post=52517"}],"curies":[{"name":"wp","href":"https:\/\/api.w.org\/{rel}","templated":true}]}}