{"id":52519,"date":"2022-07-28T12:22:14","date_gmt":"2022-07-28T16:22:14","guid":{"rendered":"https:\/\/www.brazilianpress.com\/v1\/?p=52519"},"modified":"2022-07-28T12:22:14","modified_gmt":"2022-07-28T16:22:14","slug":"ice-teria-retomado-as-deportacoes-em-controles-de-rotina-alertam-especialistas-em-imigracao","status":"publish","type":"post","link":"https:\/\/www.brazilianpress.com\/v1\/2022\/07\/28\/ice-teria-retomado-as-deportacoes-em-controles-de-rotina-alertam-especialistas-em-imigracao\/","title":{"rendered":"ICE teria retomado as deporta\u00e7\u00f5es em controles de rotina, alertam especialistas em imigra\u00e7\u00e3o"},"content":{"rendered":"<p><strong>Especialistas em leis de imigra\u00e7\u00e3o dizem que o Departamento de Imigra\u00e7\u00e3o e Alf\u00e2ndega (ICE) retomou algumas deporta\u00e7\u00f5es durante a rotina de imigrantes indocumentados que aparecem no tribunal. &#8220;Quando v\u00e3o \u00e0 Justi\u00e7a, n\u00e3o saem de l\u00e1, pegam e deportam&#8221;, disse uma moradora, que preferiu n\u00e3o se identificar. Esta m\u00e3e disse que tem ouvido esta situa\u00e7\u00e3o ultimamente. &#8220;Isso n\u00e3o est\u00e1 certo&#8221;, disse ela.<\/strong><\/p>\n<p>Ela acrescentou que nunca para de pensar nas fam\u00edlias que t\u00eam casos de imigra\u00e7\u00e3o pendentes. A moradora de San Diego disse ainda que a quest\u00e3o das deporta\u00e7\u00f5es a aflige e que uma de suas conhecidas viveu recentemente. &#8220;Ela foi \u00e0 justi\u00e7a porque, segundo ele, tinha um problema exatamente disso, de deporta\u00e7\u00e3o&#8221;, disse a mulher, que contou que a amiga pr\u00f3xima compareceu ao tribunal para uma intima\u00e7\u00e3o de rotina, mas que nunca imaginou que n\u00e3o voltar para casa.<\/p>\n<p><img loading=\"lazy\" class=\"alignnone size-full wp-image-49801\" src=\"https:\/\/www.brazilianpress.com\/v1\/wp-content\/uploads\/2021\/10\/aviao-deportados-brasileiros-eua-imigracao.jpg\" alt=\"\" width=\"700\" height=\"375\" srcset=\"https:\/\/www.brazilianpress.com\/v1\/wp-content\/uploads\/2021\/10\/aviao-deportados-brasileiros-eua-imigracao.jpg 700w, https:\/\/www.brazilianpress.com\/v1\/wp-content\/uploads\/2021\/10\/aviao-deportados-brasileiros-eua-imigracao-300x161.jpg 300w\" sizes=\"(max-width: 700px) 100vw, 700px\" \/><\/p>\n<p>&#8220;Ela foi verificar seu caso e, em vez de resolv\u00ea-lo, a deportaram&#8221;, disse ela. Ela disse que seu parente foi deportado para o M\u00e9xico, deixando sua esposa e v\u00e1rios filhos para tr\u00e1s em San Diego. \u201cEles tiveram que ir com o pai, ou seja, eles tamb\u00e9m tiveram que sair porque n\u00e3o \u00e9 a mesma coisa aqui quando o pai n\u00e3o est\u00e1 l\u00e1, que era quem trabalhava\u201d, disse.<\/p>\n<p>Daniel Casta\u00f1eda, advogado especialista em imigra\u00e7\u00e3o, explicou o que essa medida significa para quem tem um caso pendente perante um juiz. O advogado ressaltou que a situa\u00e7\u00e3o vem se repetindo, mas que foi vista com mais frequ\u00eancia durante o governo Trump. Segundo Casta\u00f1eda, a ordem se concentrou em certos grupos espec\u00edficos de pessoas, como aqueles que representam um risco para a seguran\u00e7a nacional ou a seguran\u00e7a p\u00fablica, e tamb\u00e9m imigrantes indocumentados rec\u00e9m-chegados, mas os casos t\u00eam variado.<\/p>\n<p>Isso ocorre depois que um tribunal federal de apela\u00e7\u00f5es derrubou as diretrizes do ICE, que priorizavam remo\u00e7\u00f5es com base em antecedentes criminais, o que significa que, de acordo com especialistas, embora o ICE n\u00e3o tenha anunciado nenhuma altera\u00e7\u00e3o em suas pol\u00edticas de deporta\u00e7\u00e3o, \u00e9 evidente que voc\u00ea n\u00e3o seria mais at\u00edpico para at\u00e9 mesmo ver deporta\u00e7\u00f5es de candidatos que n\u00e3o t\u00eam antecedentes criminais nos Estados Unidos. Por sua vez, a moradora aconselhou seus familiares indocumentados a n\u00e3o comparecerem ao tribunal, mas a advogada disse que n\u00e3o concordava com isso.<\/p>\n<p>\u201cSe voc\u00ea tem uma intima\u00e7\u00e3o judicial, voc\u00ea tem que ir, eu imploro a todos voc\u00eas para irem a esse tribunal e se voc\u00ea n\u00e3o estiver ciente do que est\u00e1 acontecendo, voc\u00ea pode pedir uma prorroga\u00e7\u00e3o ao juiz, seja para conseguir um advogado, ou para conhecer melhor o seu caso, pois se n\u00e3o comparecerem, o juiz poder\u00e1 apresentar mais facilmente uma ordem de aus\u00eancia ou uma ordem de deporta\u00e7\u00e3o\u201d, enfatizou o advogado de imigra\u00e7\u00e3o.<\/p>\n","protected":false},"excerpt":{"rendered":"<p>Especialistas em leis de imigra\u00e7\u00e3o dizem que o Departamento de Imigra\u00e7\u00e3o e Alf\u00e2ndega (ICE) retomou algumas deporta\u00e7\u00f5es durante a rotina de imigrantes indocumentados que aparecem no tribunal. &#8220;Quando v\u00e3o \u00e0 Justi\u00e7a, n\u00e3o saem de l\u00e1, pegam e deportam&#8221;, disse uma moradora, que preferiu n\u00e3o se identificar. Esta m\u00e3e disse que tem ouvido esta situa\u00e7\u00e3o ultimamente. &#8220;Isso n\u00e3o est\u00e1 certo&#8221;, disse ela. Ela acrescentou que nunca para de pensar nas fam\u00edlias que t\u00eam casos de imigra\u00e7\u00e3o pendentes. A moradora de San Diego disse ainda que a quest\u00e3o das deporta\u00e7\u00f5es a aflige e que uma de suas conhecidas viveu recentemente. &#8220;Ela foi [&hellip;]<\/p>\n","protected":false},"author":1,"featured_media":51016,"comment_status":"open","ping_status":"closed","sticky":false,"template":"","format":"standard","meta":{"_links_to":"","_links_to_target":""},"categories":[3,1,10],"tags":[],"views":891,"_links":{"self":[{"href":"https:\/\/www.brazilianpress.com\/v1\/wp-json\/wp\/v2\/posts\/52519"}],"collection":[{"href":"https:\/\/www.brazilianpress.com\/v1\/wp-json\/wp\/v2\/posts"}],"about":[{"href":"https:\/\/www.brazilianpress.com\/v1\/wp-json\/wp\/v2\/types\/post"}],"author":[{"embeddable":true,"href":"https:\/\/www.brazilianpress.com\/v1\/wp-json\/wp\/v2\/users\/1"}],"replies":[{"embeddable":true,"href":"https:\/\/www.brazilianpress.com\/v1\/wp-json\/wp\/v2\/comments?post=52519"}],"version-history":[{"count":1,"href":"https:\/\/www.brazilianpress.com\/v1\/wp-json\/wp\/v2\/posts\/52519\/revisions"}],"predecessor-version":[{"id":52520,"href":"https:\/\/www.brazilianpress.com\/v1\/wp-json\/wp\/v2\/posts\/52519\/revisions\/52520"}],"wp:featuredmedia":[{"embeddable":true,"href":"https:\/\/www.brazilianpress.com\/v1\/wp-json\/wp\/v2\/media\/51016"}],"wp:attachment":[{"href":"https:\/\/www.brazilianpress.com\/v1\/wp-json\/wp\/v2\/media?parent=52519"}],"wp:term":[{"taxonomy":"category","embeddable":true,"href":"https:\/\/www.brazilianpress.com\/v1\/wp-json\/wp\/v2\/categories?post=52519"},{"taxonomy":"post_tag","embeddable":true,"href":"https:\/\/www.brazilianpress.com\/v1\/wp-json\/wp\/v2\/tags?post=52519"}],"curies":[{"name":"wp","href":"https:\/\/api.w.org\/{rel}","templated":true}]}}