{"id":52578,"date":"2022-08-05T14:46:19","date_gmt":"2022-08-05T18:46:19","guid":{"rendered":"https:\/\/www.brazilianpress.com\/v1\/?p=52578"},"modified":"2022-08-05T14:46:19","modified_gmt":"2022-08-05T18:46:19","slug":"presidente-joe-biden-diz-que-eua-nao-esta-em-recessao-apesar-dos-numeros","status":"publish","type":"post","link":"https:\/\/www.brazilianpress.com\/v1\/2022\/08\/05\/presidente-joe-biden-diz-que-eua-nao-esta-em-recessao-apesar-dos-numeros\/","title":{"rendered":"Presidente Joe Biden diz que EUA n\u00e3o est\u00e1 em recess\u00e3o, apesar dos n\u00fameros"},"content":{"rendered":"<p><strong>Joe Biden, presidente dos Estados Unidos, sugeriu na \u00faltima quinta-feira 28, que a economia dos EUA n\u00e3o est\u00e1 em recess\u00e3o. Os dados do Departamento de Com\u00e9rcio do pa\u00eds, no entanto, mostram o contr\u00e1rio. \u201cO que estamos passando n\u00e3o soa como uma recess\u00e3o para mim\u201d, disse Biden em entrevista coletiva na Casa Branca.<\/strong><\/p>\n<p>Segundo dados divulgados pelo Departamento de Com\u00e9rcio no fim de julho deste ano,\u00a0o Produto Interno Bruto (PIB) dos EUA caiu 0,9% no segundo trimestre em rela\u00e7\u00e3o ao mesmo per\u00edodo do ano passado. De janeiro a mar\u00e7o deste ano, o PIB contraiu 1,6%. Com isso, o pa\u00eds entra na chamada recess\u00e3o t\u00e9cnica \u2014 quando h\u00e1 dois trimestres consecutivos negativos.<\/p>\n<p>Os EUA, entrentanto, n\u00e3o usam essa defini\u00e7\u00e3o. O pa\u00eds usa como base a an\u00e1lise de um grupo de pesquisadores, que faz uma pesquisa mais ampla para caracterizar um cen\u00e1rio de recess\u00e3o.\u00a0A avalia\u00e7\u00e3o oficial \u00e9 feita pelo Escrit\u00f3rio Nacional de Pesquisas Econ\u00f4micas. Ainda assim, essa queda consecutiva em dois trimestres \u00e9 vista como um forte indicativo pelo mercado.<\/p>\n<p>Joe Biden j\u00e1 havia mostrado otimismo em rela\u00e7\u00e3o ao cen\u00e1rio econ\u00f4mico do pa\u00eds. Na segunda-feira 25, por exemplo, Biden afirmou que a economia do pa\u00eds n\u00e3o iria sofrer grandes retra\u00e7\u00f5es neste ano.<\/p>\n","protected":false},"excerpt":{"rendered":"<p>Joe Biden, presidente dos Estados Unidos, sugeriu na \u00faltima quinta-feira 28, que a economia dos EUA n\u00e3o est\u00e1 em recess\u00e3o. Os dados do Departamento de Com\u00e9rcio do pa\u00eds, no entanto, mostram o contr\u00e1rio. \u201cO que estamos passando n\u00e3o soa como uma recess\u00e3o para mim\u201d, disse Biden em entrevista coletiva na Casa Branca. Segundo dados divulgados pelo Departamento de Com\u00e9rcio no fim de julho deste ano,\u00a0o Produto Interno Bruto (PIB) dos EUA caiu 0,9% no segundo trimestre em rela\u00e7\u00e3o ao mesmo per\u00edodo do ano passado. De janeiro a mar\u00e7o deste ano, o PIB contraiu 1,6%. Com isso, o pa\u00eds entra na [&hellip;]<\/p>\n","protected":false},"author":1,"featured_media":52579,"comment_status":"open","ping_status":"closed","sticky":false,"template":"","format":"standard","meta":{"_links_to":"","_links_to_target":""},"categories":[4,3,1],"tags":[],"views":1222,"_links":{"self":[{"href":"https:\/\/www.brazilianpress.com\/v1\/wp-json\/wp\/v2\/posts\/52578"}],"collection":[{"href":"https:\/\/www.brazilianpress.com\/v1\/wp-json\/wp\/v2\/posts"}],"about":[{"href":"https:\/\/www.brazilianpress.com\/v1\/wp-json\/wp\/v2\/types\/post"}],"author":[{"embeddable":true,"href":"https:\/\/www.brazilianpress.com\/v1\/wp-json\/wp\/v2\/users\/1"}],"replies":[{"embeddable":true,"href":"https:\/\/www.brazilianpress.com\/v1\/wp-json\/wp\/v2\/comments?post=52578"}],"version-history":[{"count":1,"href":"https:\/\/www.brazilianpress.com\/v1\/wp-json\/wp\/v2\/posts\/52578\/revisions"}],"predecessor-version":[{"id":52580,"href":"https:\/\/www.brazilianpress.com\/v1\/wp-json\/wp\/v2\/posts\/52578\/revisions\/52580"}],"wp:featuredmedia":[{"embeddable":true,"href":"https:\/\/www.brazilianpress.com\/v1\/wp-json\/wp\/v2\/media\/52579"}],"wp:attachment":[{"href":"https:\/\/www.brazilianpress.com\/v1\/wp-json\/wp\/v2\/media?parent=52578"}],"wp:term":[{"taxonomy":"category","embeddable":true,"href":"https:\/\/www.brazilianpress.com\/v1\/wp-json\/wp\/v2\/categories?post=52578"},{"taxonomy":"post_tag","embeddable":true,"href":"https:\/\/www.brazilianpress.com\/v1\/wp-json\/wp\/v2\/tags?post=52578"}],"curies":[{"name":"wp","href":"https:\/\/api.w.org\/{rel}","templated":true}]}}