{"id":52584,"date":"2022-08-06T14:10:49","date_gmt":"2022-08-06T18:10:49","guid":{"rendered":"https:\/\/www.brazilianpress.com\/v1\/?p=52584"},"modified":"2022-08-06T14:10:49","modified_gmt":"2022-08-06T18:10:49","slug":"cuca-entende-vaia-da-torcida-do-galo-mas-pede-reconhecimento-aos-jogadores","status":"publish","type":"post","link":"https:\/\/www.brazilianpress.com\/v1\/2022\/08\/06\/cuca-entende-vaia-da-torcida-do-galo-mas-pede-reconhecimento-aos-jogadores\/","title":{"rendered":"Cuca entende vaia da torcida do Galo, mas pede reconhecimento aos jogadores"},"content":{"rendered":"<p><strong>O t\u00e9cnico Cuca disse que entende as vaias da torcida do Atl\u00e9tico, que viu o time alvinegro abrir 2 a 0, mas sofreu o empate para o Palmeiras, no Mineir\u00e3o, nessa quarta-feira (4), pelas quartas de final da Copa Libertadores. O treinador disse que a insatisfa\u00e7\u00e3o com o resultado \u00e9 justific\u00e1vel, por\u00e9m pediu reconhecimento aos jogadores, que &#8220;deixaram tudo em campo&#8221;.<\/strong><\/p>\n<p>&#8220;Tomamos um gol nos acr\u00e9scimos, que d\u00f3i o dobro. O torcedor acabou o jogo vaiando. Ele tem raz\u00e3o, porque ele tinha 2 a 0 e tomou 2 a 2. Mas indo para casa, agora, ele vai refletir. Ele vai dizer: &#8216;P\u00f4, eu vaiei, mas os caras n\u00e3o mereciam a vaia. Mereceu por causa do resultado e n\u00e3o pelo que apresentaram&#8217;. Eles deixaram tudo no campo, e \u00e9 isso que a gente cobra. S\u00f3 que n\u00e3o tem como deixar tudo, por 90 minutos, na mesma intensidade, como a gente tem falado&#8221;, disse Cuca.<\/p>\n<p>&nbsp;<\/p>\n<p>Antes do jogo, o treinador chegou a ser\u00a0ovacionado pela torcida no seu retorno ao Gigante da Pampulha. Ele reassumiu o time na derrota por 3 a 0 para o Internacional, no Beira-Rio, pelo Campeonato Brasileiro. O duelo contra o Palmeiras foi o reencontro de Cuca com a torcida alvinegra em Belo Horizonte.<\/p>\n<p>Na etapa inicial, o\u00a0Atl\u00e9tico\u00a0sufocou o advers\u00e1rio e empilhou oportunidades, mas o gol s\u00f3 foi sair nos acr\u00e9scimos. De p\u00eanalti, Hulk abriu o placar. No segundo tempo, o time alvinegro conseguiu ampliar a vantagem (gol de Murilo, contra). Murilo (desta vez a favor) e Danilo buscaram o empate para o\u00a0Palmeiras.<\/p>\n<p>Com o resultado em Belo Horizonte, quem vencer em S\u00e3o Paulo avan\u00e7a. Novo empate leva a decis\u00e3o para os p\u00eanaltis. A equipe que passar enfrenta nas semifinais Estudiantes ou Athletico-PR. O jogo de volta ser\u00e1 na pr\u00f3xima quarta-feira (10), \u00e0s 21h30, no Allianz Parque.<\/p>\n","protected":false},"excerpt":{"rendered":"<p>O t\u00e9cnico Cuca disse que entende as vaias da torcida do Atl\u00e9tico, que viu o time alvinegro abrir 2 a 0, mas sofreu o empate para o Palmeiras, no Mineir\u00e3o, nessa quarta-feira (4), pelas quartas de final da Copa Libertadores. O treinador disse que a insatisfa\u00e7\u00e3o com o resultado \u00e9 justific\u00e1vel, por\u00e9m pediu reconhecimento aos jogadores, que &#8220;deixaram tudo em campo&#8221;. &#8220;Tomamos um gol nos acr\u00e9scimos, que d\u00f3i o dobro. O torcedor acabou o jogo vaiando. Ele tem raz\u00e3o, porque ele tinha 2 a 0 e tomou 2 a 2. Mas indo para casa, agora, ele vai refletir. Ele vai [&hellip;]<\/p>\n","protected":false},"author":1,"featured_media":52585,"comment_status":"open","ping_status":"closed","sticky":false,"template":"","format":"standard","meta":{"_links_to":"","_links_to_target":""},"categories":[9,1],"tags":[],"views":811,"_links":{"self":[{"href":"https:\/\/www.brazilianpress.com\/v1\/wp-json\/wp\/v2\/posts\/52584"}],"collection":[{"href":"https:\/\/www.brazilianpress.com\/v1\/wp-json\/wp\/v2\/posts"}],"about":[{"href":"https:\/\/www.brazilianpress.com\/v1\/wp-json\/wp\/v2\/types\/post"}],"author":[{"embeddable":true,"href":"https:\/\/www.brazilianpress.com\/v1\/wp-json\/wp\/v2\/users\/1"}],"replies":[{"embeddable":true,"href":"https:\/\/www.brazilianpress.com\/v1\/wp-json\/wp\/v2\/comments?post=52584"}],"version-history":[{"count":1,"href":"https:\/\/www.brazilianpress.com\/v1\/wp-json\/wp\/v2\/posts\/52584\/revisions"}],"predecessor-version":[{"id":52586,"href":"https:\/\/www.brazilianpress.com\/v1\/wp-json\/wp\/v2\/posts\/52584\/revisions\/52586"}],"wp:featuredmedia":[{"embeddable":true,"href":"https:\/\/www.brazilianpress.com\/v1\/wp-json\/wp\/v2\/media\/52585"}],"wp:attachment":[{"href":"https:\/\/www.brazilianpress.com\/v1\/wp-json\/wp\/v2\/media?parent=52584"}],"wp:term":[{"taxonomy":"category","embeddable":true,"href":"https:\/\/www.brazilianpress.com\/v1\/wp-json\/wp\/v2\/categories?post=52584"},{"taxonomy":"post_tag","embeddable":true,"href":"https:\/\/www.brazilianpress.com\/v1\/wp-json\/wp\/v2\/tags?post=52584"}],"curies":[{"name":"wp","href":"https:\/\/api.w.org\/{rel}","templated":true}]}}