{"id":52588,"date":"2022-08-06T14:13:17","date_gmt":"2022-08-06T18:13:17","guid":{"rendered":"https:\/\/www.brazilianpress.com\/v1\/?p=52588"},"modified":"2022-08-06T14:13:17","modified_gmt":"2022-08-06T18:13:17","slug":"presidente-de-portugal-diz-que-e-intoleravel-racismo-contra-filhos-de-giovanna-ewbank","status":"publish","type":"post","link":"https:\/\/www.brazilianpress.com\/v1\/2022\/08\/06\/presidente-de-portugal-diz-que-e-intoleravel-racismo-contra-filhos-de-giovanna-ewbank\/","title":{"rendered":"Presidente de Portugal diz que \u00e9 intoler\u00e1vel racismo contra filhos de Giovanna Ewbank"},"content":{"rendered":"<p><strong>O racismo sofrido pelos filhos do casal Bruno Gagliasso e Giovanna Ewbank em um clube de praia em Portugal fez com que o presidente do pa\u00eds europeu, Marcelo Rebelo de Sousa, emitisse uma nota condenando esse tipo de ato. O texto diz que &#8220;qualquer comportamento racista ou xen\u00f3fobo \u00e9 conden\u00e1vel e intoler\u00e1vel, e deve ser devidamente punido&#8221;.<\/strong><\/p>\n<p>&#8220;N\u00e3o vale a pena negar que h\u00e1, infelizmente, setores racistas e xen\u00f3fobos entre n\u00f3s&#8221;, diz o pol\u00edtico, que, no entanto, diz acreditar que se trata de uma minoria que n\u00e3o representa a sociedade portuguesa como um todo.<\/p>\n<p>No texto, ele afirma que os portugueses s\u00e3o um povo &#8221; respeitador dos direitos fundamentais e da dignidade da pessoa humana&#8221;. &#8220;O mesmo se dir\u00e1, especificamente, quanto \u00e0s comunidades dos pa\u00edses irm\u00e3os de l\u00edngua portuguesa, que t\u00eam vindo a aumentar a sua presen\u00e7a entre n\u00f3s e s\u00e3o motivo de gratid\u00e3o e de orgulho para Portugal&#8221;, acrescenta.<\/p>\n<p>&#8220;A sociedade portuguesa \u00e9 constitu\u00edda por pessoas das mais variadas origens, que aqui chegaram h\u00e1 poucos ou h\u00e1 muitos anos, alguns h\u00e1 s\u00e9culos, aqui vivem, trabalham, constituem as suas fam\u00edlias: n\u00e3o h\u00e1 &#8216;portugueses puros&#8217;, somos todos descendentes de culturas, civiliza\u00e7\u00f5es e origens muito diversas&#8221;, afirma.<\/p>\n<p>&#8220;Somos todos transmigrantes, todos temos familiares e amigos que vivem ou viveram fora do quadro geogr\u00e1fico f\u00edsico de um pa\u00eds; tal como tantos que aqui encontram uma melhor vida&#8221;, continua. &#8220;E todos somos Portugal.&#8221;<\/p>\n<p>A nota foi publicada no site oficial da Presid\u00eancia da Rep\u00fablica Portuguesa nesta segunda-feira (1\u00ba) e n\u00e3o cita nominalmente os artistas brasileiros. Por\u00e9m, Rebelo de Sousa chegou a falar diretamente sobre o caso em entrevista.<\/p>\n<p>&#8220;Todo ato de racismo ou xenofobia \u00e9 conden\u00e1vel e intoler\u00e1vel&#8221;, comentou ao jornal O Globo, tamb\u00e9m nesta segunda-feira. &#8220;Isso \u00e9 o b\u00e1sico em uma democracia. \u00c9 inadmiss\u00edvel.&#8221;<\/p>\n<p>Ele ainda elogiou a atitude do ator brasileiro, que chamou a pol\u00edcia. &#8220;Evidente que se a pessoa ofendida acha que houve atua\u00e7\u00e3o inconstitucional, \u00e9 assim que funciona o estado democr\u00e1tico&#8221;, disse. &#8220;E a pol\u00edcia fez o que devia fazer. Para investigar se h\u00e1 uma atua\u00e7\u00e3o criminosa, a fun\u00e7\u00e3o da autoridade \u00e9 garantir a apura\u00e7\u00e3o do fato para saber se houve viola\u00e7\u00e3o da lei.&#8221;<\/p>\n<p>O caso de racismo aconteceu no restaurante Cl\u00e1ssico Beach Club, na Costa da Caparica, em Portugal, no \u00faltimo s\u00e1bado (30). Giovanna e Bruno estavam no local com seus filhos, que brincavam na praia, e perceberam o que havia acontecido quando uma das crian\u00e7as contou o epis\u00f3dio.<\/p>\n<p>Bruno diz que viu o gerente pedindo para uma mulher ir embora, e ent\u00e3o o casal a ouviu se negando a ir embora e falando ofensas raciais, como &#8220;pretos imundos&#8221;, &#8220;voltem para \u00c1frica&#8221;, &#8220;voltem para o Brasil&#8221; e &#8220;Portugal n\u00e3o \u00e9 lugar para voc\u00eas&#8221;. O ator imediatamente chamou a pol\u00edcia, enquanto Giovanna gritava com a mulher.<\/p>\n","protected":false},"excerpt":{"rendered":"<p>O racismo sofrido pelos filhos do casal Bruno Gagliasso e Giovanna Ewbank em um clube de praia em Portugal fez com que o presidente do pa\u00eds europeu, Marcelo Rebelo de Sousa, emitisse uma nota condenando esse tipo de ato. O texto diz que &#8220;qualquer comportamento racista ou xen\u00f3fobo \u00e9 conden\u00e1vel e intoler\u00e1vel, e deve ser devidamente punido&#8221;. &#8220;N\u00e3o vale a pena negar que h\u00e1, infelizmente, setores racistas e xen\u00f3fobos entre n\u00f3s&#8221;, diz o pol\u00edtico, que, no entanto, diz acreditar que se trata de uma minoria que n\u00e3o representa a sociedade portuguesa como um todo. No texto, ele afirma que os [&hellip;]<\/p>\n","protected":false},"author":1,"featured_media":52589,"comment_status":"open","ping_status":"closed","sticky":false,"template":"","format":"standard","meta":{"_links_to":"","_links_to_target":""},"categories":[8,1],"tags":[],"views":868,"_links":{"self":[{"href":"https:\/\/www.brazilianpress.com\/v1\/wp-json\/wp\/v2\/posts\/52588"}],"collection":[{"href":"https:\/\/www.brazilianpress.com\/v1\/wp-json\/wp\/v2\/posts"}],"about":[{"href":"https:\/\/www.brazilianpress.com\/v1\/wp-json\/wp\/v2\/types\/post"}],"author":[{"embeddable":true,"href":"https:\/\/www.brazilianpress.com\/v1\/wp-json\/wp\/v2\/users\/1"}],"replies":[{"embeddable":true,"href":"https:\/\/www.brazilianpress.com\/v1\/wp-json\/wp\/v2\/comments?post=52588"}],"version-history":[{"count":1,"href":"https:\/\/www.brazilianpress.com\/v1\/wp-json\/wp\/v2\/posts\/52588\/revisions"}],"predecessor-version":[{"id":52590,"href":"https:\/\/www.brazilianpress.com\/v1\/wp-json\/wp\/v2\/posts\/52588\/revisions\/52590"}],"wp:featuredmedia":[{"embeddable":true,"href":"https:\/\/www.brazilianpress.com\/v1\/wp-json\/wp\/v2\/media\/52589"}],"wp:attachment":[{"href":"https:\/\/www.brazilianpress.com\/v1\/wp-json\/wp\/v2\/media?parent=52588"}],"wp:term":[{"taxonomy":"category","embeddable":true,"href":"https:\/\/www.brazilianpress.com\/v1\/wp-json\/wp\/v2\/categories?post=52588"},{"taxonomy":"post_tag","embeddable":true,"href":"https:\/\/www.brazilianpress.com\/v1\/wp-json\/wp\/v2\/tags?post=52588"}],"curies":[{"name":"wp","href":"https:\/\/api.w.org\/{rel}","templated":true}]}}