{"id":52800,"date":"2022-09-02T12:07:03","date_gmt":"2022-09-02T16:07:03","guid":{"rendered":"https:\/\/www.brazilianpress.com\/v1\/?p=52800"},"modified":"2022-09-02T12:07:03","modified_gmt":"2022-09-02T16:07:03","slug":"lea-campos-tite-zero-a-esquerda-um-perdedor","status":"publish","type":"post","link":"https:\/\/www.brazilianpress.com\/v1\/2022\/09\/02\/lea-campos-tite-zero-a-esquerda-um-perdedor\/","title":{"rendered":"L\u00e9a Campos: Tite, Zero \u00e0 Esquerda, Um Perdedor"},"content":{"rendered":"<p><strong>Algu\u00e9m sentiu falta dele em Bras\u00edlia na despedida da sele\u00e7\u00e3o que foi \u00e0 R\u00fassia em 2018? Nem se lembraram da exist\u00eancia dele. Agora ele diz que n\u00e3o ir\u00e1 a Bras\u00edlia se despedir do presidente. Nem na ida e nem na volta. Nem ganhando e nem perdendo.<\/strong><\/p>\n<p>Aff. A partir de hoje n\u00e3o vou conseguir dormir preocupada com Tite.\u00a0Certamente se o presidente fosse Lula ele iria, afinal os dois s\u00e3o do mesmo lado.<\/p>\n<p>N\u00e3o ser\u00e1 notada a aus\u00eancia dele, de t\u00e3o insignificante que \u00e9.<\/p>\n<p>Para quem quer ser not\u00edcia, ele escolheu o melhor caminho, pois agora sempre v\u00e3o perguntar a ele: &#8220;Voc\u00ea n\u00e3o vai a Bras\u00edlia se despedir do presidente?\u201d.<\/p>\n<p>Com isso ele est\u00e1 aparecendo nos notici\u00e1rios, caso contr\u00e1rio nenhum meio falaria dele. Em destaque abaixo, as palavras de Tite:<\/p>\n<p>&#8220;Eu vejo a Sele\u00e7\u00e3o Brasileira como um patrim\u00f4nio cultural e esportivo. Eu fui educado atrav\u00e9s do esporte. Eu coloco uma hist\u00f3ria, agora, falando para voc\u00eas, n\u00e3o para ser her\u00f3i de alguma coisa, mas tampouco para me dramatizar. Apenas para fazer algumas conex\u00f5es que a gente acha importante, que na vida das pessoas que est\u00e3o nos ouvindo, elas tenham essa condi\u00e7\u00e3o de ter tamb\u00e9m esse processo: eduque-se atrav\u00e9s do esporte&#8221;.<\/p>\n<p>Claro que o que ele queria est\u00e1 conseguindo, ser not\u00edcia por quebrar um ato que vem ocorrendo desde 1958, que \u00e9 a visita da sele\u00e7\u00e3o completa ao presidente da rep\u00fablica antes e depois do Mundial.\u00a0Para quem quer aparecer, o treinador escolheu a melhor forma de ser not\u00edcia, pois agora a pergunta obrigat\u00f3ria ser\u00e1: \u201cVoc\u00ea n\u00e3o vai a Bras\u00edlia se despedir do presidente?\u201d<\/p>\n<p>Uma pessoa que o pr\u00f3prio pai quase n\u00e3o falava com ele, certamente n\u00e3o teria nada para falar com o presidente do Brasil. Em poucas palavras, Tite \u00e9 um frustrado por n\u00e3o ter tido boa comunica\u00e7\u00e3o com o pai, evidentemente n\u00e3o ter\u00e1 assunto para conversar com um presidente. Meu pai tamb\u00e9m era italiano e sempre tivemos \u00f3tima comunica\u00e7\u00e3o.<\/p>\n<p>&#8220;Eu fui criado assim. Meu pai me criou assim. Eu sou filho de um italiano que muito pouco falava comigo&#8221;.<\/p>\n<p>O\u00a0certo \u00e9, que com Tite ou sem ele, estaremos torcendo pela sele\u00e7\u00e3o canarinha e exibindo nossa bandeira brasileira no Catar.<\/p>\n","protected":false},"excerpt":{"rendered":"<p>Algu\u00e9m sentiu falta dele em Bras\u00edlia na despedida da sele\u00e7\u00e3o que foi \u00e0 R\u00fassia em 2018? Nem se lembraram da exist\u00eancia dele. Agora ele diz que n\u00e3o ir\u00e1 a Bras\u00edlia se despedir do presidente. Nem na ida e nem na volta. Nem ganhando e nem perdendo. Aff. A partir de hoje n\u00e3o vou conseguir dormir preocupada com Tite.\u00a0Certamente se o presidente fosse Lula ele iria, afinal os dois s\u00e3o do mesmo lado. N\u00e3o ser\u00e1 notada a aus\u00eancia dele, de t\u00e3o insignificante que \u00e9. Para quem quer ser not\u00edcia, ele escolheu o melhor caminho, pois agora sempre v\u00e3o perguntar a ele: [&hellip;]<\/p>\n","protected":false},"author":1,"featured_media":52801,"comment_status":"open","ping_status":"closed","sticky":false,"template":"","format":"standard","meta":{"_links_to":"","_links_to_target":""},"categories":[15,1],"tags":[],"views":1375,"_links":{"self":[{"href":"https:\/\/www.brazilianpress.com\/v1\/wp-json\/wp\/v2\/posts\/52800"}],"collection":[{"href":"https:\/\/www.brazilianpress.com\/v1\/wp-json\/wp\/v2\/posts"}],"about":[{"href":"https:\/\/www.brazilianpress.com\/v1\/wp-json\/wp\/v2\/types\/post"}],"author":[{"embeddable":true,"href":"https:\/\/www.brazilianpress.com\/v1\/wp-json\/wp\/v2\/users\/1"}],"replies":[{"embeddable":true,"href":"https:\/\/www.brazilianpress.com\/v1\/wp-json\/wp\/v2\/comments?post=52800"}],"version-history":[{"count":1,"href":"https:\/\/www.brazilianpress.com\/v1\/wp-json\/wp\/v2\/posts\/52800\/revisions"}],"predecessor-version":[{"id":52802,"href":"https:\/\/www.brazilianpress.com\/v1\/wp-json\/wp\/v2\/posts\/52800\/revisions\/52802"}],"wp:featuredmedia":[{"embeddable":true,"href":"https:\/\/www.brazilianpress.com\/v1\/wp-json\/wp\/v2\/media\/52801"}],"wp:attachment":[{"href":"https:\/\/www.brazilianpress.com\/v1\/wp-json\/wp\/v2\/media?parent=52800"}],"wp:term":[{"taxonomy":"category","embeddable":true,"href":"https:\/\/www.brazilianpress.com\/v1\/wp-json\/wp\/v2\/categories?post=52800"},{"taxonomy":"post_tag","embeddable":true,"href":"https:\/\/www.brazilianpress.com\/v1\/wp-json\/wp\/v2\/tags?post=52800"}],"curies":[{"name":"wp","href":"https:\/\/api.w.org\/{rel}","templated":true}]}}