{"id":52814,"date":"2022-09-02T13:05:15","date_gmt":"2022-09-02T17:05:15","guid":{"rendered":"https:\/\/www.brazilianpress.com\/v1\/?p=52814"},"modified":"2022-09-02T13:05:15","modified_gmt":"2022-09-02T17:05:15","slug":"daca-podera-ter-regulamento-federal-que-o-protegera-de-acoes-judiciais","status":"publish","type":"post","link":"https:\/\/www.brazilianpress.com\/v1\/2022\/09\/02\/daca-podera-ter-regulamento-federal-que-o-protegera-de-acoes-judiciais\/","title":{"rendered":"DACA poder\u00e1 ter regulamento federal que o proteger\u00e1 de a\u00e7\u00f5es judiciais"},"content":{"rendered":"<p><strong>O governo do presidente Joe Biden tenta finalizar uma mudan\u00e7a que transforma o programa DACA (Deferred Action for Childhood Arrivals) em um regulamento federal, que protege seus usu\u00e1rios de contesta\u00e7\u00f5es legais e a\u00e7\u00f5es judiciais que impedem sua exist\u00eancia.<\/strong><\/p>\n<p>DACA \u00e9 um programa de imigra\u00e7\u00e3o que beneficia mais de 600.000 Dreamers, que chegaram aos Estados Unidos ainda crian\u00e7as com seus pais e indocumentados.<\/p>\n<p>&#8220;Os sonhadores fazem parte desta na\u00e7\u00e3o. Eles servem na linha de frente da resposta \u00e0 pandemia. Eles s\u00e3o estudantes, empres\u00e1rios e pequenos empres\u00e1rios. Muitos servem bravamente em nossas for\u00e7as armadas. Eles s\u00f3 conheceram a Am\u00e9rica como lar &#8220;, disse Biden.<\/p>\n<p>\u201cHoje, estamos cumprindo nosso compromisso de preservar e fortalecer o DACA, finalizando uma regra que fortalecer\u00e1 as prote\u00e7\u00f5es, como a autoriza\u00e7\u00e3o de trabalho, que permite que os Dreamers vivam mais livremente e invistam mais plenamente em suas comunidades.&#8221;, continuou ele. No entanto, o presidente garantiu que far\u00e1 tudo ao seu alcance para proteger os Dreamers, mas os republicanos no Congresso devem parar de bloquear um projeto de lei que fornece um caminho para a cidadania para os Dreamers.<\/p>\n<p>O programa foi lan\u00e7ado durante o governo do ent\u00e3o presidente Barack Obama e a mudan\u00e7a entrar\u00e1 em vigor em 31 de outubro deste ano cso seja aprovada. Estima-se que cerca de 611.000 Dreamers estejam protegidos pelo programa DACA. O novo regulamento manter\u00e1 os requisitos para se qualificar para o DACA, um dos quais \u00e9 que os benefici\u00e1rios tenham entrado nos EUA antes dos 16 anos e antes de 16 de junho de 2007. Os benefici\u00e1rios do DACA continuar\u00e3o a ser eleg\u00edveis para autoriza\u00e7\u00f5es de trabalho, al\u00e9m de continuarem sendo considerados &#8220;legalmente presentes&#8221; nos EUA.<\/p>\n","protected":false},"excerpt":{"rendered":"<p>O governo do presidente Joe Biden tenta finalizar uma mudan\u00e7a que transforma o programa DACA (Deferred Action for Childhood Arrivals) em um regulamento federal, que protege seus usu\u00e1rios de contesta\u00e7\u00f5es legais e a\u00e7\u00f5es judiciais que impedem sua exist\u00eancia. DACA \u00e9 um programa de imigra\u00e7\u00e3o que beneficia mais de 600.000 Dreamers, que chegaram aos Estados Unidos ainda crian\u00e7as com seus pais e indocumentados. &#8220;Os sonhadores fazem parte desta na\u00e7\u00e3o. Eles servem na linha de frente da resposta \u00e0 pandemia. Eles s\u00e3o estudantes, empres\u00e1rios e pequenos empres\u00e1rios. Muitos servem bravamente em nossas for\u00e7as armadas. Eles s\u00f3 conheceram a Am\u00e9rica como lar &#8220;, [&hellip;]<\/p>\n","protected":false},"author":1,"featured_media":46616,"comment_status":"open","ping_status":"closed","sticky":false,"template":"","format":"standard","meta":{"_links_to":"","_links_to_target":""},"categories":[3,1,10],"tags":[],"views":841,"_links":{"self":[{"href":"https:\/\/www.brazilianpress.com\/v1\/wp-json\/wp\/v2\/posts\/52814"}],"collection":[{"href":"https:\/\/www.brazilianpress.com\/v1\/wp-json\/wp\/v2\/posts"}],"about":[{"href":"https:\/\/www.brazilianpress.com\/v1\/wp-json\/wp\/v2\/types\/post"}],"author":[{"embeddable":true,"href":"https:\/\/www.brazilianpress.com\/v1\/wp-json\/wp\/v2\/users\/1"}],"replies":[{"embeddable":true,"href":"https:\/\/www.brazilianpress.com\/v1\/wp-json\/wp\/v2\/comments?post=52814"}],"version-history":[{"count":1,"href":"https:\/\/www.brazilianpress.com\/v1\/wp-json\/wp\/v2\/posts\/52814\/revisions"}],"predecessor-version":[{"id":52815,"href":"https:\/\/www.brazilianpress.com\/v1\/wp-json\/wp\/v2\/posts\/52814\/revisions\/52815"}],"wp:featuredmedia":[{"embeddable":true,"href":"https:\/\/www.brazilianpress.com\/v1\/wp-json\/wp\/v2\/media\/46616"}],"wp:attachment":[{"href":"https:\/\/www.brazilianpress.com\/v1\/wp-json\/wp\/v2\/media?parent=52814"}],"wp:term":[{"taxonomy":"category","embeddable":true,"href":"https:\/\/www.brazilianpress.com\/v1\/wp-json\/wp\/v2\/categories?post=52814"},{"taxonomy":"post_tag","embeddable":true,"href":"https:\/\/www.brazilianpress.com\/v1\/wp-json\/wp\/v2\/tags?post=52814"}],"curies":[{"name":"wp","href":"https:\/\/api.w.org\/{rel}","templated":true}]}}