{"id":52865,"date":"2022-09-08T15:11:56","date_gmt":"2022-09-08T19:11:56","guid":{"rendered":"https:\/\/www.brazilianpress.com\/v1\/?p=52865"},"modified":"2022-09-08T15:16:50","modified_gmt":"2022-09-08T19:16:50","slug":"luto-no-reino-unido-e-no-mundo-faleceu-aos-96-a-rainha-elizabeth-ii-reinado-durou-70-anos","status":"publish","type":"post","link":"https:\/\/www.brazilianpress.com\/v1\/2022\/09\/08\/luto-no-reino-unido-e-no-mundo-faleceu-aos-96-a-rainha-elizabeth-ii-reinado-durou-70-anos\/","title":{"rendered":"Luto no Reino Unido e no mundo: Faleceu aos 96 a rainha Elizabeth II. Reinado durou 70 anos"},"content":{"rendered":"<p><strong>Mais longeva monarca brit\u00e2nica da hist\u00f3ria, que passou 70 anos no trono, atravessou crises e guerras e virou \u00edcone pop, a Rainha Elizabeth II morreu nesta quinta-feira (8) aos 96 anos no castelo de Balmoral, na Esc\u00f3cia. O an\u00fancio foi feito pelos canais oficiais da fam\u00edlia real. &#8220;A rainha morreu pacificamente em Balmoral esta tarde. O rei e a rainha consorte permanecer\u00e3o em Balmoral esta noite e retornar\u00e3o a Londres amanh\u00e3&#8221;, informou a Casa Real brit\u00e2nica no Twitter.<\/strong><\/p>\n<p>Os quatro filhos da rainha, Charles, Anne, Andrew e Edward, foram at\u00e9 a Esc\u00f3cia quando foi anunciado que a rainha estava sob supervis\u00e3o m\u00e9dica. Seu neto, o pr\u00edncipe William, tamb\u00e9m foi at\u00e9 o castelo de Balmoral. \u00c0 tarde, veio a not\u00edcia do falecimento. O reinado de 70 anos faz de Elizabeth a rainha brit\u00e2nica mais longeva da hist\u00f3ria. Com a morte de Elizabeth, seu filho mais velho, o agora rei Charles, assume o trono do Reino Unido e de outros 14 pa\u00edses que t\u00eam o monarca brit\u00e2nico como chefe de Estado, como Austr\u00e1lia e Canad\u00e1.<\/p>\n<p><img src=\"https:\/\/i.imgur.com\/42dBTnw.jpg\" alt=\"\" \/><\/p>\n<p>Em seu primeiro comunicado oficial como rei, Charles disse que &#8220;a morte da minha amada m\u00e3e, a Vossa Majestade a Rainha, \u00e9 um momento de grande tristeza para mim e para todos os membros da minha fam\u00edlia&#8221;. A sa\u00fade da monarca foi motivo de crescente preocupa\u00e7\u00e3o desde outubro do ano passado, quando foi revelado que ela passou uma noite hospitalizada para ser submetida a &#8220;exames&#8221; m\u00e9dicos que nunca foram detalhados. Desde ent\u00e3o, ela reduziu consideravelmente sua agenda, com apari\u00e7\u00f5es em p\u00fablico cada vez mais raras e sendo observada caminhando com dificuldade, com o aux\u00edlio de uma bengala.<\/p>\n<p><img src=\"https:\/\/s2.glbimg.com\/U949YVFdFHJLskPhtAQcqintk-I=\/0x0:3500x2680\/1008x0\/smart\/filters:strip_icc()\/i.s3.glbimg.com\/v1\/AUTH_59edd422c0c84a879bd37670ae4f538a\/internal_photos\/bs\/2020\/e\/5\/QDi2myQluvlASX2AsRyg\/ap20003613060083.jpg\" alt=\"\" \/><\/p>\n<p>O evento preocupante mais recente foi a cerim\u00f4nia de nomea\u00e7\u00e3o da nova primeira-ministra brit\u00e2nica, Liz Truss, na ter\u00e7a-feira (6). Na ocasi\u00e3o, Elizabeth II transferiu, pela primeira vez na hist\u00f3ria, a cerim\u00f4nia para o Pal\u00e1cio de Balmoral, onde ela estava. At\u00e9 ent\u00e3o, todos os premi\u00eas anteriores haviam sido nomeados no Pal\u00e1cio de Buckingham, em Londres. Uma foto do encontro divulgada pelo Pal\u00e1cio de Buckingham, que mostra a rainha cumprimentando Truss, provocou inquieta\u00e7\u00e3o porque, segundo analistas, a m\u00e3o da rainha parecia muito arroxeada. Em maio, Elizabeth II foi substitu\u00edda por Charles na abertura oficial dos trabalhos no Parlamento do Reino Unido. Tamb\u00e9m foi a primeira vez que um monarca n\u00e3o presidiu essa sess\u00e3o.<\/p>\n<p><img src=\"https:\/\/s2.glbimg.com\/-4cS7WkjRGsoCrUqZJCLrnEDuIw=\/0x0:1508x865\/1008x0\/smart\/filters:strip_icc()\/i.s3.glbimg.com\/v1\/AUTH_59edd422c0c84a879bd37670ae4f538a\/internal_photos\/bs\/2022\/Z\/D\/mwI0mVQEC2HEhbSRoPAw\/rainhagnews.png\" alt=\"\" \/><\/p>\n<p>A participa\u00e7\u00e3o da rainha foi reduzida nas festividades do Jubileu de Platina, s\u00e9rie de eventos que celebrou os 70 anos de seu reinado, no in\u00edcio de junho. Al\u00e9m da agenda enxuta, ela cancelou participa\u00e7\u00e3o em uma missa durante o evento por se sentir indisposta. Desde os primeiros problemas de sa\u00fade, no entanto, o Pal\u00e1cio de Buckingham falou muito pouco ou emitiu notas contidas sobre o estado de sa\u00fade da rainha, sempre se referindo aos problemas como indisposi\u00e7\u00f5es.<\/p>\n<p><img src=\"https:\/\/s2.glbimg.com\/tHxrkHQnGO99euG8wZ4uoER_eXI=\/0x0:5500x3667\/1008x0\/smart\/filters:strip_icc()\/i.s3.glbimg.com\/v1\/AUTH_59edd422c0c84a879bd37670ae4f538a\/internal_photos\/bs\/2022\/A\/X\/8NYxzATqenNP7cLvM44Q\/2022-09-08t172341z-1638574405-rc24dw9ceysb-rtrmadp-3-britain-royals-queen.jpg\" alt=\"\" \/><\/p>\n","protected":false},"excerpt":{"rendered":"<p>Mais longeva monarca brit\u00e2nica da hist\u00f3ria, que passou 70 anos no trono, atravessou crises e guerras e virou \u00edcone pop, a Rainha Elizabeth II morreu nesta quinta-feira (8) aos 96 anos no castelo de Balmoral, na Esc\u00f3cia. O an\u00fancio foi feito pelos canais oficiais da fam\u00edlia real. &#8220;A rainha morreu pacificamente em Balmoral esta tarde. O rei e a rainha consorte permanecer\u00e3o em Balmoral esta noite e retornar\u00e3o a Londres amanh\u00e3&#8221;, informou a Casa Real brit\u00e2nica no Twitter. Os quatro filhos da rainha, Charles, Anne, Andrew e Edward, foram at\u00e9 a Esc\u00f3cia quando foi anunciado que a rainha estava sob [&hellip;]<\/p>\n","protected":false},"author":1,"featured_media":52866,"comment_status":"open","ping_status":"closed","sticky":false,"template":"","format":"standard","meta":{"_links_to":"","_links_to_target":""},"categories":[3,8,1],"tags":[],"views":865,"_links":{"self":[{"href":"https:\/\/www.brazilianpress.com\/v1\/wp-json\/wp\/v2\/posts\/52865"}],"collection":[{"href":"https:\/\/www.brazilianpress.com\/v1\/wp-json\/wp\/v2\/posts"}],"about":[{"href":"https:\/\/www.brazilianpress.com\/v1\/wp-json\/wp\/v2\/types\/post"}],"author":[{"embeddable":true,"href":"https:\/\/www.brazilianpress.com\/v1\/wp-json\/wp\/v2\/users\/1"}],"replies":[{"embeddable":true,"href":"https:\/\/www.brazilianpress.com\/v1\/wp-json\/wp\/v2\/comments?post=52865"}],"version-history":[{"count":3,"href":"https:\/\/www.brazilianpress.com\/v1\/wp-json\/wp\/v2\/posts\/52865\/revisions"}],"predecessor-version":[{"id":52869,"href":"https:\/\/www.brazilianpress.com\/v1\/wp-json\/wp\/v2\/posts\/52865\/revisions\/52869"}],"wp:featuredmedia":[{"embeddable":true,"href":"https:\/\/www.brazilianpress.com\/v1\/wp-json\/wp\/v2\/media\/52866"}],"wp:attachment":[{"href":"https:\/\/www.brazilianpress.com\/v1\/wp-json\/wp\/v2\/media?parent=52865"}],"wp:term":[{"taxonomy":"category","embeddable":true,"href":"https:\/\/www.brazilianpress.com\/v1\/wp-json\/wp\/v2\/categories?post=52865"},{"taxonomy":"post_tag","embeddable":true,"href":"https:\/\/www.brazilianpress.com\/v1\/wp-json\/wp\/v2\/tags?post=52865"}],"curies":[{"name":"wp","href":"https:\/\/api.w.org\/{rel}","templated":true}]}}