{"id":52924,"date":"2022-09-16T15:15:22","date_gmt":"2022-09-16T19:15:22","guid":{"rendered":"https:\/\/www.brazilianpress.com\/v1\/?p=52924"},"modified":"2022-09-16T15:15:22","modified_gmt":"2022-09-16T19:15:22","slug":"lea-campos-adeus-a-rainha","status":"publish","type":"post","link":"https:\/\/www.brazilianpress.com\/v1\/2022\/09\/16\/lea-campos-adeus-a-rainha\/","title":{"rendered":"L\u00e9a Campos: Adeus \u00e0 Rainha"},"content":{"rendered":"<p><strong>Dia 8 perdemos uma grande mulher, a Rainha da Inglaterra, a mesma que deu a Pel\u00e9 o t\u00edtulo de &#8220;Rei do Futebol\u201d. Com seus 96 anos de vida e 70 de reinado, deixa muita saudade por sua forma humilde de ser, o que pudemos presenciar quando recebia qualquer mandat\u00e1rio do mundo.<\/strong><\/p>\n<p>Elizabeth II foi chefe de um grupo de 53 na\u00e7\u00f5es e reinou em 15 estados independentes. Ser rainha, entretanto, n\u00e3o a fez esquecer de suas obriga\u00e7\u00f5es diplom\u00e1ticas, tanto assim, que mesmo estando sob supervis\u00e3o m\u00e9dica enviou uma mensagem ao povo brasileiro pelos 200 anos de nossa independ\u00eancia.<\/p>\n<p>&#8220;\u00c9 com enorme alegria que compartilho uma bela mensagem enviada por Sua Majestade, a Rainha Elizabeth II, ao povo brasileiro, representado pelo presidente da Rep\u00fablica. \u00c9 mais um s\u00edmbolo da import\u00e2ncia do Brasil para o Reino Unido, uma parceria de 200 anos&#8221;, declarou Hopkin, encarregada dos neg\u00f3cios do Reino Unido no Brasil.<\/p>\n<p><img loading=\"lazy\" class=\"alignnone size-full wp-image-52926\" src=\"https:\/\/www.brazilianpress.com\/v1\/wp-content\/uploads\/2022\/09\/lea-2.jpg\" alt=\"\" width=\"698\" height=\"450\" srcset=\"https:\/\/www.brazilianpress.com\/v1\/wp-content\/uploads\/2022\/09\/lea-2.jpg 698w, https:\/\/www.brazilianpress.com\/v1\/wp-content\/uploads\/2022\/09\/lea-2-300x193.jpg 300w\" sizes=\"(max-width: 698px) 100vw, 698px\" \/><\/p>\n<p>Na mensagem, a Rainha pediu que os dois pa\u00edses continuem trabalhando juntos, &#8220;com esperan\u00e7a e determina\u00e7\u00e3o para superar os desafios globais&#8221;.<\/p>\n<p>&#8220;E meio a celebra\u00e7\u00e3o da importante ocasi\u00e3o dos 200 anos de independ\u00eancia gostaria de parabenizar Vossa Excel\u00eancia e enviar minhas felicita\u00e7\u00f5es ao povo da Rep\u00fablica Federativa do Brasil, lembrando com carinho da minha visita ao pa\u00eds em 1968&#8221;, falou a Rainha em mensagem dia 7 de setembro, dia da comemora\u00e7\u00e3o.<\/p>\n<p>Esta \u00e9 a grande soberana que pudemos conhecer. Como num conto de fadas, a grande Rainha se despede de seus s\u00faditos, deixando bons exemplos, saudades, carinho e muita lembran\u00e7a que guardaremos como rel\u00edquia, pois uma Rainha nasce princesa e sobe ao trono coroada como Rainha.<\/p>\n<p><img loading=\"lazy\" class=\"alignnone size-full wp-image-52925\" src=\"https:\/\/www.brazilianpress.com\/v1\/wp-content\/uploads\/2022\/09\/lea-1.jpg\" alt=\"\" width=\"450\" height=\"450\" srcset=\"https:\/\/www.brazilianpress.com\/v1\/wp-content\/uploads\/2022\/09\/lea-1.jpg 450w, https:\/\/www.brazilianpress.com\/v1\/wp-content\/uploads\/2022\/09\/lea-1-300x300.jpg 300w, https:\/\/www.brazilianpress.com\/v1\/wp-content\/uploads\/2022\/09\/lea-1-150x150.jpg 150w, https:\/\/www.brazilianpress.com\/v1\/wp-content\/uploads\/2022\/09\/lea-1-180x180.jpg 180w, https:\/\/www.brazilianpress.com\/v1\/wp-content\/uploads\/2022\/09\/lea-1-400x400.jpg 400w\" sizes=\"(max-width: 450px) 100vw, 450px\" \/><\/p>\n<p>Daqui de New York envio minhas condol\u00eancias aos familiares e s\u00faditos desta que tive a honra de ver em meu pa\u00eds.<\/p>\n<p>Viajei a Salvador t\u00e3o somente para v\u00ea-la de perto, foi uma emo\u00e7\u00e3o que n\u00e3o tem como apagar de minhas lembran\u00e7as.<\/p>\n<p>Afinal, estava ali uma verdadeira rainha, em todo o sentido da palavra.<\/p>\n<p>Sua humildade pode ser confirmada quando, ao assistir um jogo de Pel\u00e9, um amistoso entre as sele\u00e7\u00f5es paulista e carioca, ap\u00f3s o t\u00e9rmino ela entregou a ta\u00e7a nas m\u00e3os de Pel\u00e9.<\/p>\n<p>Entre reis se entendem.<\/p>\n<p>Agora teremos que nos acostumar com a aus\u00eancia de quem reinou por mais de 70 anos e esperar que o filho Charles seja um guardi\u00e3o do legado dela.<\/p>\n","protected":false},"excerpt":{"rendered":"<p>Dia 8 perdemos uma grande mulher, a Rainha da Inglaterra, a mesma que deu a Pel\u00e9 o t\u00edtulo de &#8220;Rei do Futebol\u201d. Com seus 96 anos de vida e 70 de reinado, deixa muita saudade por sua forma humilde de ser, o que pudemos presenciar quando recebia qualquer mandat\u00e1rio do mundo. Elizabeth II foi chefe de um grupo de 53 na\u00e7\u00f5es e reinou em 15 estados independentes. Ser rainha, entretanto, n\u00e3o a fez esquecer de suas obriga\u00e7\u00f5es diplom\u00e1ticas, tanto assim, que mesmo estando sob supervis\u00e3o m\u00e9dica enviou uma mensagem ao povo brasileiro pelos 200 anos de nossa independ\u00eancia. &#8220;\u00c9 com [&hellip;]<\/p>\n","protected":false},"author":1,"featured_media":52927,"comment_status":"open","ping_status":"closed","sticky":false,"template":"","format":"standard","meta":{"_links_to":"","_links_to_target":""},"categories":[15,1],"tags":[],"views":1287,"_links":{"self":[{"href":"https:\/\/www.brazilianpress.com\/v1\/wp-json\/wp\/v2\/posts\/52924"}],"collection":[{"href":"https:\/\/www.brazilianpress.com\/v1\/wp-json\/wp\/v2\/posts"}],"about":[{"href":"https:\/\/www.brazilianpress.com\/v1\/wp-json\/wp\/v2\/types\/post"}],"author":[{"embeddable":true,"href":"https:\/\/www.brazilianpress.com\/v1\/wp-json\/wp\/v2\/users\/1"}],"replies":[{"embeddable":true,"href":"https:\/\/www.brazilianpress.com\/v1\/wp-json\/wp\/v2\/comments?post=52924"}],"version-history":[{"count":1,"href":"https:\/\/www.brazilianpress.com\/v1\/wp-json\/wp\/v2\/posts\/52924\/revisions"}],"predecessor-version":[{"id":52928,"href":"https:\/\/www.brazilianpress.com\/v1\/wp-json\/wp\/v2\/posts\/52924\/revisions\/52928"}],"wp:featuredmedia":[{"embeddable":true,"href":"https:\/\/www.brazilianpress.com\/v1\/wp-json\/wp\/v2\/media\/52927"}],"wp:attachment":[{"href":"https:\/\/www.brazilianpress.com\/v1\/wp-json\/wp\/v2\/media?parent=52924"}],"wp:term":[{"taxonomy":"category","embeddable":true,"href":"https:\/\/www.brazilianpress.com\/v1\/wp-json\/wp\/v2\/categories?post=52924"},{"taxonomy":"post_tag","embeddable":true,"href":"https:\/\/www.brazilianpress.com\/v1\/wp-json\/wp\/v2\/tags?post=52924"}],"curies":[{"name":"wp","href":"https:\/\/api.w.org\/{rel}","templated":true}]}}