{"id":52940,"date":"2022-09-16T15:29:24","date_gmt":"2022-09-16T19:29:24","guid":{"rendered":"https:\/\/www.brazilianpress.com\/v1\/?p=52940"},"modified":"2022-09-16T15:29:24","modified_gmt":"2022-09-16T19:29:24","slug":"dia-23-shakur-stevenson-vai-defender-titulo-contra-o-campeao-olimpico-brasileiro-robson-conceicao","status":"publish","type":"post","link":"https:\/\/www.brazilianpress.com\/v1\/2022\/09\/16\/dia-23-shakur-stevenson-vai-defender-titulo-contra-o-campeao-olimpico-brasileiro-robson-conceicao\/","title":{"rendered":"Dia 23, Shakur Stevenson vai defender t\u00edtulo contra o campe\u00e3o ol\u00edmpico brasileiro Robson Concei\u00e7\u00e3o"},"content":{"rendered":"<p><strong>Natural de Newark Shakur Stevenson vai defender o t\u00edtulo Unificado de Peso Pena J\u00fanior contra o campe\u00e3o ol\u00edmpico Brasileiro Robson Concei\u00e7\u00e3o no dia 23 de Setembro no Prudential Center<\/strong><\/p>\n<p>Newark, NJ &#8211; No dia 23 de Setembro, o Prudential Center vai servir de palco de uma das lutas mais antecipadas do ano. Natural de Newark, Shakur Stevenson \u00e9 o actual campe\u00e3o mundial de Boxe, com um cartel impressionante de 18 lutas e 18 vit\u00f3rias. O brasileiro Robson Concei\u00e7\u00e3o, que fez hist\u00f3ria em 2016 ao ganhar a medalha nos Jogos Ol\u00edmpicos no Rio de Janeiro, ter\u00e1 uma oportunidade \u00fanica de se tornar no novo campe\u00e3o mundial na categoria.<\/p>\n<p>\u201cO sensacional Shakur Stevenson \u00e9 o tipo de atleta que em cada gera\u00e7\u00e3o, h\u00e1 apenas um, mas eu posso dizer que o Robson Concei\u00e7\u00e3o \u00e9 um atleta \u00e0 altura. Vai ser um evento inesquec\u00edvel e eu mal posso esperar.\u201d \u2013 revelou Bob Aru, Presidente da Top Rank Boxing, a promotora de eventos de Boxe l\u00edder no mundo.<\/p>\n<p><img src=\"https:\/\/i.imgur.com\/JsKDlrR.jpg\" \/><\/p>\n<p>Com um cartel de 18 lutas e 18 vit\u00f3rias, Shakur Stevenson regressa \u00e0 sua terra Natal depois de uma luta contra o advers\u00e1rio mais duro at\u00e9 \u00e0 data Oscar Valdez, da qual resultou o cintur\u00e3o da WBC. Relativamente a esta luta, Stevenson sente-se particularmente confiante e promete um belo espet\u00e1culo de Boxe no Prudential Center.<\/p>\n<p>\u201cSempre representei Newark com muito orgulho e estou preparado para \u201cdar show\u201d no dia 23 de Setembro para todos os meus f\u00e3s no Prudential Center. Robson Concei\u00e7\u00e3o combateu com Oscar Valdez numa luta muito renhida. Muitos consideram que Concei\u00e7\u00e3o deveria ter ganho, mas vamos ver o qu\u00e3o bom ele realmente \u00e9 quando lutar contra mim.\u201d \u2013 concluiu Shakur.<\/p>\n<p>Robson Concei\u00e7\u00e3o, que conta apenas com uma derrota em 18 lutas, fez hist\u00f3ria em 2016 quando se tornou no primeiro boxeador brasileiro a ganhar uma medalha de ouro nos jogos ol\u00edmpicos que tiveram lugar no Rio de Janeiro. Concei\u00e7\u00e3o est\u00e1 pronto para fazer hist\u00f3ria novamente e tornar-se no novo campe\u00e3o mundial.<\/p>\n<p>\u201cO Shakur Stevenson \u00e9 um atleta excecional e tem todo o meu respeito por tudo o que ele conseguiu.\u201d \u2013 disse Concei\u00e7\u00e3o. \u201cOs nossos caminhos v\u00e3o cruzar-se, e a\u00ed apenas um de n\u00f3s poder\u00e1 ser o campe\u00e3o. Eu garanto a melhor performance da minha vida. Ser\u00e1 a luta do ano e um espet\u00e1culo para os meus f\u00e3s brasileiros, tamb\u00e9m eles verdadeiros guerreiros que n\u00e3o desistem!\u201d \u2013 disse o atleta num tom confiante.<\/p>\n<p>A expectativa para este combate para o t\u00edtulo mundial e os n\u00edveis de energia estar\u00e3o ao rubro no Prudential Center no dia 23 de Setembro. Shakur Stevenson \u00e9 muito querido pela sua cidade, ainda assim, ao longo dos anos, Newark recebeu milhares de brasileiros de bra\u00e7os abertos que certamente marcar\u00e3o uma presen\u00e7a de peso, bem preparados para um triunfo verde e amarelo.<\/p>\n<p>Os ingressos poder\u00e3o ser comprados em ticketmaster.com&lt;http:\/\/ticketmaster.com&gt;<\/p>\n","protected":false},"excerpt":{"rendered":"<p>Natural de Newark Shakur Stevenson vai defender o t\u00edtulo Unificado de Peso Pena J\u00fanior contra o campe\u00e3o ol\u00edmpico Brasileiro Robson Concei\u00e7\u00e3o no dia 23 de Setembro no Prudential Center Newark, NJ &#8211; No dia 23 de Setembro, o Prudential Center vai servir de palco de uma das lutas mais antecipadas do ano. Natural de Newark, Shakur Stevenson \u00e9 o actual campe\u00e3o mundial de Boxe, com um cartel impressionante de 18 lutas e 18 vit\u00f3rias. O brasileiro Robson Concei\u00e7\u00e3o, que fez hist\u00f3ria em 2016 ao ganhar a medalha nos Jogos Ol\u00edmpicos no Rio de Janeiro, ter\u00e1 uma oportunidade \u00fanica de se [&hellip;]<\/p>\n","protected":false},"author":1,"featured_media":52941,"comment_status":"open","ping_status":"closed","sticky":false,"template":"","format":"standard","meta":{"_links_to":"","_links_to_target":""},"categories":[4,3,1],"tags":[],"views":1298,"_links":{"self":[{"href":"https:\/\/www.brazilianpress.com\/v1\/wp-json\/wp\/v2\/posts\/52940"}],"collection":[{"href":"https:\/\/www.brazilianpress.com\/v1\/wp-json\/wp\/v2\/posts"}],"about":[{"href":"https:\/\/www.brazilianpress.com\/v1\/wp-json\/wp\/v2\/types\/post"}],"author":[{"embeddable":true,"href":"https:\/\/www.brazilianpress.com\/v1\/wp-json\/wp\/v2\/users\/1"}],"replies":[{"embeddable":true,"href":"https:\/\/www.brazilianpress.com\/v1\/wp-json\/wp\/v2\/comments?post=52940"}],"version-history":[{"count":1,"href":"https:\/\/www.brazilianpress.com\/v1\/wp-json\/wp\/v2\/posts\/52940\/revisions"}],"predecessor-version":[{"id":52942,"href":"https:\/\/www.brazilianpress.com\/v1\/wp-json\/wp\/v2\/posts\/52940\/revisions\/52942"}],"wp:featuredmedia":[{"embeddable":true,"href":"https:\/\/www.brazilianpress.com\/v1\/wp-json\/wp\/v2\/media\/52941"}],"wp:attachment":[{"href":"https:\/\/www.brazilianpress.com\/v1\/wp-json\/wp\/v2\/media?parent=52940"}],"wp:term":[{"taxonomy":"category","embeddable":true,"href":"https:\/\/www.brazilianpress.com\/v1\/wp-json\/wp\/v2\/categories?post=52940"},{"taxonomy":"post_tag","embeddable":true,"href":"https:\/\/www.brazilianpress.com\/v1\/wp-json\/wp\/v2\/tags?post=52940"}],"curies":[{"name":"wp","href":"https:\/\/api.w.org\/{rel}","templated":true}]}}