{"id":52943,"date":"2022-09-16T15:33:17","date_gmt":"2022-09-16T19:33:17","guid":{"rendered":"https:\/\/www.brazilianpress.com\/v1\/?p=52943"},"modified":"2022-09-16T15:33:17","modified_gmt":"2022-09-16T19:33:17","slug":"portugal-aprovada-acordo-que-facilita-a-entrada-de-brasileiros-no-pais","status":"publish","type":"post","link":"https:\/\/www.brazilianpress.com\/v1\/2022\/09\/16\/portugal-aprovada-acordo-que-facilita-a-entrada-de-brasileiros-no-pais\/","title":{"rendered":"Portugal aprovada acordo que facilita a entrada de brasileiros no pa\u00eds"},"content":{"rendered":"<p><strong>Um acordo aprovado em Portugal facilita as regras para a entrada de brasileiros no pa\u00eds europeu.\u00a0O acordo que flexibiliza exig\u00eancias, aprovado pelo Conselho de Ministros de Portugal, envolve procedimentos e documenta\u00e7\u00f5es de\u00a0entrada, perman\u00eancia e sa\u00edda\u00a0de brasileiros \u2013 e vale tamb\u00e9m para outros pa\u00edses\u00a0lus\u00f3fonos.<\/strong><\/p>\n<p>Pelas novas regras, n\u00e3o \u00e9 mais necess\u00e1rio comparecer\u00a0pessoalmente\u00a0para dar entrada no\u00a0pedido de visto; apresentar\u00a0seguro de viagem\u00a0ou comprovar meios de\u00a0subsist\u00eancia\u00a0e\u00a0passagem de volta\u00a0ao pa\u00eds de origem.<\/p>\n<p>Cidad\u00e3os brasileiros n\u00e3o precisam de visto para entrar em Portugal para fazer\u00a0turismo,\u00a0neg\u00f3cios,\u00a0cobertura jornal\u00edstica\u00a0e\u00a0miss\u00f5es culturais, desde que por um per\u00edodo de\u00a090 dias.<\/p>\n<p>Este prazo pode ser\u00a0prorrogado\u00a0em Portugal mediante autoriza\u00e7\u00e3o do Servi\u00e7o de Estrangeiros e Fronteiras, n\u00e3o podendo a prorroga\u00e7\u00e3o ultrapassar 90 dias.<\/p>\n<p>Para qualquer outra situa\u00e7\u00e3o \u00e9 exigido visto aos cidad\u00e3os brasileiros.<\/p>\n<p>Pelas\u00a0regras\u00a0vigentes at\u00e9 agora, mesmo para os casos de isen\u00e7\u00e3o de visto havia algumas exig\u00eancias, como apresentar\u00a0passaporte\u00a0com validade m\u00ednima superior em, pelo menos,\u00a03 meses\u00a0\u00e0 dura\u00e7\u00e3o da estada prevista, do bilhete de viagem a\u00e9rea (ida e volta), de comprovantes de alojamento, de v\u00ednculo laboral ou atividade profissional no Brasil (declara\u00e7\u00e3o emitida pela entidade patronal, p\u00fablica ou privada) e de recursos financeiros para financiar a estadia, equivalentes a 75 euros por cada entrada em territ\u00f3rio nacional, acrescidos de 40 euros por cada dia de perman\u00eancia.<\/p>\n<p>O pa\u00eds europeu tem feito uma s\u00e9rie de flexibiliza\u00e7\u00f5es nas\u00a0normas de migra\u00e7\u00e3o. Em julho, altera\u00e7\u00f5es na\u00a0Lei dos Estrangeiros\u00a0(Lei 23\/2007) tamb\u00e9m facilitaram a entrada e perman\u00eancia no pa\u00eds.<\/p>\n<p>A partir delas, a concess\u00e3o do visto de curta dura\u00e7\u00e3o, de estada tempor\u00e1ria ou de resid\u00eancia para cidad\u00e3os dos pa\u00edses de l\u00edngua portuguesa\u00a0n\u00e3o precisa mais ser analisada\u00a0pelo Servi\u00e7o de Estrangeiros e Fronteiras (SEF).<\/p>\n<p>Al\u00e9m disso, um\u00a0novo visto\u00a0foi criado especificamente para pessoas que pretendem procurar emprego em Portugal\u00a0Ele tem dura\u00e7\u00e3o de\u00a0120 dias, que pode ser prorrogada por mais\u00a060 dias.<\/p>\n<p>Para quem conseguir um contrato de trabalho, \u00e9 concedido o direito de pedir autoriza\u00e7\u00e3o para resid\u00eancia no pa\u00eds.<\/p>\n<p>Vistos de estada\u00a0tempor\u00e1ria e de resid\u00eancia\u00a0tamb\u00e9m poder\u00e3o ser concedidos aos\u00a0n\u00f4mades digitais, profissionais que trabalham em regime remoto.<\/p>\n<p>A concess\u00e3o do visto para estudantes do\u00a0ensino superior\u00a0tamb\u00e9m n\u00e3o precisa mais passar pela aprova\u00e7\u00e3o do SEF, em casos em que o estudante tenha sido\u00a0aprovado\u00a0em uma institui\u00e7\u00e3o de ensino.<\/p>\n<p>A autoriza\u00e7\u00e3o de resid\u00eancia concedida a estudantes do ensino superior tem validade de\u00a0dois anos, e pode ser renovada pelo mesmo per\u00edodo de tempo.<\/p>\n<p>Pessoas que\u00a0acompanham\u00a0membros da fam\u00edlia que j\u00e1 contam com vistos de estada tempor\u00e1ria ou de resid\u00eancia tamb\u00e9m ter\u00e3o sua entrada\u00a0permitida\u00a0em Portugal. Quando o visto de resid\u00eancia para agrupamento e reagrupamento familiar for emitido, n\u00fameros de identifica\u00e7\u00e3o fiscal, de seguran\u00e7a social e do servi\u00e7o nacional de sa\u00fade ser\u00e3o automaticamente atribu\u00eddos.<\/p>\n<p>Para quem tem\u00a0familiares\u00a0com autoriza\u00e7\u00f5es de\u00a0resid\u00eancia permanente,\u00a0\u00e9 concedida autoriza\u00e7\u00e3o v\u00e1lida por\u00a0dois anos, que pode ser renovada por per\u00edodos de\u00a0tr\u00eas anos.<\/p>\n<p>Al\u00e9m do Brasil, as medidas valem para pa\u00edses como\u00a0Angola, Cabo Verde, Guin\u00e9-Bissau, Guin\u00e9 Equatorial, Mo\u00e7ambique, S\u00e3o Tom\u00e9 e Pr\u00edncipe e Timor-Leste.<\/p>\n","protected":false},"excerpt":{"rendered":"<p>Um acordo aprovado em Portugal facilita as regras para a entrada de brasileiros no pa\u00eds europeu.\u00a0O acordo que flexibiliza exig\u00eancias, aprovado pelo Conselho de Ministros de Portugal, envolve procedimentos e documenta\u00e7\u00f5es de\u00a0entrada, perman\u00eancia e sa\u00edda\u00a0de brasileiros \u2013 e vale tamb\u00e9m para outros pa\u00edses\u00a0lus\u00f3fonos. Pelas novas regras, n\u00e3o \u00e9 mais necess\u00e1rio comparecer\u00a0pessoalmente\u00a0para dar entrada no\u00a0pedido de visto; apresentar\u00a0seguro de viagem\u00a0ou comprovar meios de\u00a0subsist\u00eancia\u00a0e\u00a0passagem de volta\u00a0ao pa\u00eds de origem. Cidad\u00e3os brasileiros n\u00e3o precisam de visto para entrar em Portugal para fazer\u00a0turismo,\u00a0neg\u00f3cios,\u00a0cobertura jornal\u00edstica\u00a0e\u00a0miss\u00f5es culturais, desde que por um per\u00edodo de\u00a090 dias. Este prazo pode ser\u00a0prorrogado\u00a0em Portugal mediante autoriza\u00e7\u00e3o do Servi\u00e7o de Estrangeiros e [&hellip;]<\/p>\n","protected":false},"author":1,"featured_media":52944,"comment_status":"open","ping_status":"closed","sticky":false,"template":"","format":"standard","meta":{"_links_to":"","_links_to_target":""},"categories":[3,8,1],"tags":[],"views":1319,"_links":{"self":[{"href":"https:\/\/www.brazilianpress.com\/v1\/wp-json\/wp\/v2\/posts\/52943"}],"collection":[{"href":"https:\/\/www.brazilianpress.com\/v1\/wp-json\/wp\/v2\/posts"}],"about":[{"href":"https:\/\/www.brazilianpress.com\/v1\/wp-json\/wp\/v2\/types\/post"}],"author":[{"embeddable":true,"href":"https:\/\/www.brazilianpress.com\/v1\/wp-json\/wp\/v2\/users\/1"}],"replies":[{"embeddable":true,"href":"https:\/\/www.brazilianpress.com\/v1\/wp-json\/wp\/v2\/comments?post=52943"}],"version-history":[{"count":1,"href":"https:\/\/www.brazilianpress.com\/v1\/wp-json\/wp\/v2\/posts\/52943\/revisions"}],"predecessor-version":[{"id":52945,"href":"https:\/\/www.brazilianpress.com\/v1\/wp-json\/wp\/v2\/posts\/52943\/revisions\/52945"}],"wp:featuredmedia":[{"embeddable":true,"href":"https:\/\/www.brazilianpress.com\/v1\/wp-json\/wp\/v2\/media\/52944"}],"wp:attachment":[{"href":"https:\/\/www.brazilianpress.com\/v1\/wp-json\/wp\/v2\/media?parent=52943"}],"wp:term":[{"taxonomy":"category","embeddable":true,"href":"https:\/\/www.brazilianpress.com\/v1\/wp-json\/wp\/v2\/categories?post=52943"},{"taxonomy":"post_tag","embeddable":true,"href":"https:\/\/www.brazilianpress.com\/v1\/wp-json\/wp\/v2\/tags?post=52943"}],"curies":[{"name":"wp","href":"https:\/\/api.w.org\/{rel}","templated":true}]}}