{"id":52955,"date":"2022-09-17T13:04:32","date_gmt":"2022-09-17T17:04:32","guid":{"rendered":"https:\/\/www.brazilianpress.com\/v1\/?p=52955"},"modified":"2022-09-17T13:04:32","modified_gmt":"2022-09-17T17:04:32","slug":"100-funcionarios-do-rei-charles-iii-sao-demitidos-em-sua-primeira-semana-no-posto","status":"publish","type":"post","link":"https:\/\/www.brazilianpress.com\/v1\/2022\/09\/17\/100-funcionarios-do-rei-charles-iii-sao-demitidos-em-sua-primeira-semana-no-posto\/","title":{"rendered":"100 funcion\u00e1rios do Rei Charles III s\u00e3o demitidos em sua primeira semana no posto"},"content":{"rendered":"<p><strong>O novo rei Charles III tem sido criticado na sua primeira semana no posto. Na ter\u00e7a-feira (13), ele demitiu 100 funcion\u00e1rios da Clarence House, sua ex-resid\u00eancia oficial, por conta de sua mudan\u00e7a para o Pal\u00e1cio de Buckingham.<\/strong><\/p>\n<p>A revela\u00e7\u00e3o foi feita pelo jornal local The Guardian. Segundo a publica\u00e7\u00e3o, os trabalhadores atendiam ao rei quando ele era pr\u00edncipe. O aviso de demiss\u00e3o foi entregue via cartas, que dizia que o servi\u00e7o deles n\u00e3o seria mais necess\u00e1rio. A decis\u00e3o enfureceu o grupo.<\/p>\n<p>\u201cTodos est\u00e3o furiosos, incluindo os secret\u00e1rios particulares e a equipe de comando. Todo o pessoal tem trabalhado muito desde quando a rainha Elizabeth II morreu para se deparar com isso. As pessoas est\u00e3o muito alteradas\u201d, disse um informante que n\u00e3o quis se identificar ao jornal brit\u00e2nico.<\/p>\n<p>Entre os demitidos est\u00e3o os secret\u00e1rios particulares, o gabinete financeiro, a equipe de comunica\u00e7\u00e3o e os empregados dom\u00e9sticos, alguns dos quais trabalhavam para Charles h\u00e1 diversos anos. Al\u00e9m disso, parte dos profissionais recebeu a not\u00edcia na segunda-feira (12), durante a cerim\u00f4nia em homenagem \u00e0 rainha na Catedral de S\u00e3o Eg\u00eddio, em Edimburgo. O The Guardian teve acesso \u00e0 carta, que trazia uma coloca\u00e7\u00e3o do principal assessor do rei, Clive Alderton.<\/p>\n<p>\u201cA carteira de trabalho anteriormente ocupada por esta resid\u00eancia em apoio aos interesses pessoais do pr\u00edncipe de Gales, antigas atividades e opera\u00e7\u00f5es dom\u00e9sticas deixar\u00e3o de ter continuidade, e a Clarence House ser\u00e1 fechada. Espera-se, portanto, que os postos baseados principalmente na Clarence House deixem de ser necess\u00e1rios\u201d, afirma a carta. O Sindicato dos Servi\u00e7os P\u00fablicos e Comerciais emitiu uma nota condenando a decis\u00e3o de anunciar os cortes de pessoal durante o per\u00edodo de luto. Classificaram a a\u00e7\u00e3o do rei como \u201csem cora\u00e7\u00e3o\u201d.<\/p>\n","protected":false},"excerpt":{"rendered":"<p>O novo rei Charles III tem sido criticado na sua primeira semana no posto. Na ter\u00e7a-feira (13), ele demitiu 100 funcion\u00e1rios da Clarence House, sua ex-resid\u00eancia oficial, por conta de sua mudan\u00e7a para o Pal\u00e1cio de Buckingham. A revela\u00e7\u00e3o foi feita pelo jornal local The Guardian. Segundo a publica\u00e7\u00e3o, os trabalhadores atendiam ao rei quando ele era pr\u00edncipe. O aviso de demiss\u00e3o foi entregue via cartas, que dizia que o servi\u00e7o deles n\u00e3o seria mais necess\u00e1rio. A decis\u00e3o enfureceu o grupo. \u201cTodos est\u00e3o furiosos, incluindo os secret\u00e1rios particulares e a equipe de comando. Todo o pessoal tem trabalhado muito desde [&hellip;]<\/p>\n","protected":false},"author":1,"featured_media":52956,"comment_status":"open","ping_status":"closed","sticky":false,"template":"","format":"standard","meta":{"_links_to":"","_links_to_target":""},"categories":[8,1],"tags":[],"views":850,"_links":{"self":[{"href":"https:\/\/www.brazilianpress.com\/v1\/wp-json\/wp\/v2\/posts\/52955"}],"collection":[{"href":"https:\/\/www.brazilianpress.com\/v1\/wp-json\/wp\/v2\/posts"}],"about":[{"href":"https:\/\/www.brazilianpress.com\/v1\/wp-json\/wp\/v2\/types\/post"}],"author":[{"embeddable":true,"href":"https:\/\/www.brazilianpress.com\/v1\/wp-json\/wp\/v2\/users\/1"}],"replies":[{"embeddable":true,"href":"https:\/\/www.brazilianpress.com\/v1\/wp-json\/wp\/v2\/comments?post=52955"}],"version-history":[{"count":1,"href":"https:\/\/www.brazilianpress.com\/v1\/wp-json\/wp\/v2\/posts\/52955\/revisions"}],"predecessor-version":[{"id":52957,"href":"https:\/\/www.brazilianpress.com\/v1\/wp-json\/wp\/v2\/posts\/52955\/revisions\/52957"}],"wp:featuredmedia":[{"embeddable":true,"href":"https:\/\/www.brazilianpress.com\/v1\/wp-json\/wp\/v2\/media\/52956"}],"wp:attachment":[{"href":"https:\/\/www.brazilianpress.com\/v1\/wp-json\/wp\/v2\/media?parent=52955"}],"wp:term":[{"taxonomy":"category","embeddable":true,"href":"https:\/\/www.brazilianpress.com\/v1\/wp-json\/wp\/v2\/categories?post=52955"},{"taxonomy":"post_tag","embeddable":true,"href":"https:\/\/www.brazilianpress.com\/v1\/wp-json\/wp\/v2\/tags?post=52955"}],"curies":[{"name":"wp","href":"https:\/\/api.w.org\/{rel}","templated":true}]}}