{"id":52980,"date":"2022-09-19T10:22:27","date_gmt":"2022-09-19T14:22:27","guid":{"rendered":"https:\/\/www.brazilianpress.com\/v1\/?p=52980"},"modified":"2022-09-19T10:22:27","modified_gmt":"2022-09-19T14:22:27","slug":"eric-adams-governadores-republicanos-promovem-crise-humanitaria-enviando-ilegais-para-outros-estados","status":"publish","type":"post","link":"https:\/\/www.brazilianpress.com\/v1\/2022\/09\/19\/eric-adams-governadores-republicanos-promovem-crise-humanitaria-enviando-ilegais-para-outros-estados\/","title":{"rendered":"Eric Adams: Governadores republicanos promovem crise humanit\u00e1ria enviando ilegais para outros estados"},"content":{"rendered":"<p><strong>O prefeito de Nova York, Eric Adams , disse no domingo que os governadores republicanos Greg Abbott, do Texas, e Ron DeSantis, da Fl\u00f3rida, criaram uma \u201ccrise humanit\u00e1ria\u201d ao enviar migrantes da fronteira EUA-M\u00e9xico para o norte.<\/strong><\/p>\n<p>\u201cComo o prefeito de El Paso afirmou que esses migrantes e requerentes de asilo n\u00e3o est\u00e3o vindo para nenhuma cidade em particular, eles est\u00e3o vindo para a Am\u00e9rica\u201d, disse Adams durante uma apari\u00e7\u00e3o no programa This Week da ABC. \u201cEsta \u00e9 uma crise americana que precisamos enfrentar \u2013 uma crise humanit\u00e1ria que foi feita por m\u00e3os humanas por alguns dos governadores de nossos estados do sul\u201d.<\/p>\n<p><img src=\"https:\/\/cdn.cnn.com\/cnnnext\/dam\/assets\/220918093841-eric-adams-greg-abbott-ron-desantis-split.jpg\" alt=\"Hear Mayor Adams' message to Abbott and DeSantis on bused migrants - CNN  Video\" \/><\/p>\n<p>Abbott come\u00e7ou a transportar migrantes do Texas para Nova York e Washington, DC, na primavera. DeSantis enviou 50 migrantes do Texas para Martha&#8217;s Vineyard na semana passada. A \u00e1rea de Del Rio, Texas, teve mais de 49.500 encontros de migrantes somente em julho \u2013 mais do que a popula\u00e7\u00e3o da pr\u00f3pria cidade, que tem uma popula\u00e7\u00e3o de pouco mais de 34.500 pessoas. Em contraste, a popula\u00e7\u00e3o anual de Martha&#8217;s Vineyard \u00e9 de 17.000 pessoas e a ilha recebeu apenas 50 migrantes quando a \u201ccrise humanit\u00e1ria\u201d foi desencadeada.<\/p>\n<p>O anfitri\u00e3o Jonathan Karl observou que Adams disse que a Big Apple est\u00e1 chegando a um \u201cponto de ruptura\u201d, j\u00e1 que 11.000 imigrantes chegaram \u00e0 cidade desde maio. \u201cMas veja o que acabamos de ouvir do prefeito de El Paso\u201d, disse Karl a Adams. \u201cNo outro dia, eles tiveram 2.000 em um \u00fanico dia. Como \u00e9 que a cidade de Nova York est\u00e1 sobrecarregada quando \u00e9 uma fra\u00e7\u00e3o do que estamos vendo na fronteira?\u201d Adams respondeu: \u201cBem, o que est\u00e1 acontecendo, uma cartilha que muitos dos governadores republicanos, DeSantis e Abbott, est\u00e3o usando n\u00e3o \u00e9 enviar esses migrantes para outros estados, principalmente para estados como Nova York\u201d.<\/p>\n<p><img loading=\"lazy\" class=\"alignnone size-full wp-image-52781\" src=\"https:\/\/www.brazilianpress.com\/v1\/wp-content\/uploads\/2022\/09\/texas-imigrantes-onibus.jpg\" alt=\"\" width=\"700\" height=\"379\" srcset=\"https:\/\/www.brazilianpress.com\/v1\/wp-content\/uploads\/2022\/09\/texas-imigrantes-onibus.jpg 700w, https:\/\/www.brazilianpress.com\/v1\/wp-content\/uploads\/2022\/09\/texas-imigrantes-onibus-300x162.jpg 300w\" sizes=\"(max-width: 700px) 100vw, 700px\" \/><\/p>\n<p>Ele pediu aos governadores que coordenem com o governo federal e os estados azuis para onde est\u00e3o enviando migrantes. Adams argumentou que \u00e9 uma transi\u00e7\u00e3o mais f\u00e1cil para os migrantes quando eles t\u00eam patrocinadores. \u201cTemos comunidades venezuelanas na Am\u00e9rica, vamos coordenar dessa forma como fizemos com outras grandes comunidades que temos na cidade de Nova York, onde podemos coordenar, obter patrocinadores, trabalhar com nossas organiza\u00e7\u00f5es n\u00e3o governamentais\u201d, disse ele. . \u201c\u00c9 isso que a crise exige \u2013 exige coordena\u00e7\u00e3o.\u201d Ele acrescentou: \u201cN\u00e3o houve coordena\u00e7\u00e3o alguma com o governador Abbott e o governador DeSantis s\u00f3 queria usar essa manobra pol\u00edtica em vez de entender que s\u00e3o pessoas, s\u00e3o fam\u00edlias, s\u00e3o seres humanos\u201d.<\/p>\n<p>Adams continuou afirmando que Abbott est\u00e1 enviando migrantes em uma viagem de \u00f4nibus de 45 horas sem comida, \u00e1gua ou cuidados m\u00e9dicos adequados e que o escrit\u00f3rio de Abbott n\u00e3o coordenaria com ele \u201cporque n\u00e3o acredito que seja politicamente conveniente para eles coordenar, era mais importante para eles fazer esse espet\u00e1culo basicamente pol\u00edtico que voc\u00ea est\u00e1 vendo agora.\u201d Questionado se planeja visitar a fronteira, Adams disse: \u201cN\u00e3o precisamos ficar na fronteira para afirmar que a crise que [Abbott] criou \u00e9 uma crise real\u201d. O prefeito pediu a Abbott \u201cpara ser o chefe do executivo que ele \u00e9\u201d e coordenar a imigra\u00e7\u00e3o. Abbott disse anteriormente que decidiu enviar \u00f4nibus cheios de migrantes para Washington, DC e Nova York \u201cpor causa da cont\u00ednua recusa do presidente Biden em reconhecer a crise causada por suas pol\u00edticas de fronteira aberta\u201d, dizendo que \u201co Estado do Texas teve que tomar medidas sem precedentes a\u00e7\u00e3o para manter nossas comunidades seguras\u201d.<\/p>\n<p><img loading=\"lazy\" class=\"alignnone size-full wp-image-52855\" src=\"https:\/\/www.brazilianpress.com\/v1\/wp-content\/uploads\/2022\/09\/imigrantes-onibus-chicago.jpg\" alt=\"\" width=\"700\" height=\"394\" srcset=\"https:\/\/www.brazilianpress.com\/v1\/wp-content\/uploads\/2022\/09\/imigrantes-onibus-chicago.jpg 700w, https:\/\/www.brazilianpress.com\/v1\/wp-content\/uploads\/2022\/09\/imigrantes-onibus-chicago-300x169.jpg 300w, https:\/\/www.brazilianpress.com\/v1\/wp-content\/uploads\/2022\/09\/imigrantes-onibus-chicago-400x225.jpg 400w, https:\/\/www.brazilianpress.com\/v1\/wp-content\/uploads\/2022\/09\/imigrantes-onibus-chicago-600x338.jpg 600w\" sizes=\"(max-width: 700px) 100vw, 700px\" \/><\/p>\n<p>\u201cAl\u00e9m de Washington, DC, a cidade de Nova York \u00e9 o destino ideal para esses migrantes, que podem receber a abund\u00e2ncia de servi\u00e7os e moradias da cidade que o prefeito Eric Adams se gabou dentro da cidade santu\u00e1rio\u201d, disse ele quando o primeiro \u00f4nibus chegou em Nova York neste ver\u00e3o. Abbott observou no final do m\u00eas passado que o Texas \u201cfez mais de 19.000 pris\u00f5es, apreendeu mais de 335,5 milh\u00f5es de doses letais de fentanil e enviou mais de 7.400 migrantes em \u00f4nibus para DC e mais de 1.500 para Nova York\u201d. Questionado se acredita que o status de Nova York como cidade santu\u00e1rio est\u00e1 atraindo mais pessoas para cruzar a fronteira para os EUA, Adams disse no domingo: &#8220;N\u00e3o, de jeito nenhum&#8221;. \u201cA cidade sempre foi uma cidade santu\u00e1rio e sempre conseguimos aqueles que queriam vir para Nova York para perseguir o sonho americano\u201d, disse ele.<\/p>\n","protected":false},"excerpt":{"rendered":"<p>O prefeito de Nova York, Eric Adams , disse no domingo que os governadores republicanos Greg Abbott, do Texas, e Ron DeSantis, da Fl\u00f3rida, criaram uma \u201ccrise humanit\u00e1ria\u201d ao enviar migrantes da fronteira EUA-M\u00e9xico para o norte. \u201cComo o prefeito de El Paso afirmou que esses migrantes e requerentes de asilo n\u00e3o est\u00e3o vindo para nenhuma cidade em particular, eles est\u00e3o vindo para a Am\u00e9rica\u201d, disse Adams durante uma apari\u00e7\u00e3o no programa This Week da ABC. \u201cEsta \u00e9 uma crise americana que precisamos enfrentar \u2013 uma crise humanit\u00e1ria que foi feita por m\u00e3os humanas por alguns dos governadores de nossos [&hellip;]<\/p>\n","protected":false},"author":1,"featured_media":52981,"comment_status":"open","ping_status":"closed","sticky":false,"template":"","format":"standard","meta":{"_links_to":"","_links_to_target":""},"categories":[4,3,1],"tags":[],"views":718,"_links":{"self":[{"href":"https:\/\/www.brazilianpress.com\/v1\/wp-json\/wp\/v2\/posts\/52980"}],"collection":[{"href":"https:\/\/www.brazilianpress.com\/v1\/wp-json\/wp\/v2\/posts"}],"about":[{"href":"https:\/\/www.brazilianpress.com\/v1\/wp-json\/wp\/v2\/types\/post"}],"author":[{"embeddable":true,"href":"https:\/\/www.brazilianpress.com\/v1\/wp-json\/wp\/v2\/users\/1"}],"replies":[{"embeddable":true,"href":"https:\/\/www.brazilianpress.com\/v1\/wp-json\/wp\/v2\/comments?post=52980"}],"version-history":[{"count":1,"href":"https:\/\/www.brazilianpress.com\/v1\/wp-json\/wp\/v2\/posts\/52980\/revisions"}],"predecessor-version":[{"id":52982,"href":"https:\/\/www.brazilianpress.com\/v1\/wp-json\/wp\/v2\/posts\/52980\/revisions\/52982"}],"wp:featuredmedia":[{"embeddable":true,"href":"https:\/\/www.brazilianpress.com\/v1\/wp-json\/wp\/v2\/media\/52981"}],"wp:attachment":[{"href":"https:\/\/www.brazilianpress.com\/v1\/wp-json\/wp\/v2\/media?parent=52980"}],"wp:term":[{"taxonomy":"category","embeddable":true,"href":"https:\/\/www.brazilianpress.com\/v1\/wp-json\/wp\/v2\/categories?post=52980"},{"taxonomy":"post_tag","embeddable":true,"href":"https:\/\/www.brazilianpress.com\/v1\/wp-json\/wp\/v2\/tags?post=52980"}],"curies":[{"name":"wp","href":"https:\/\/api.w.org\/{rel}","templated":true}]}}