{"id":53082,"date":"2022-09-30T13:27:36","date_gmt":"2022-09-30T17:27:36","guid":{"rendered":"https:\/\/www.brazilianpress.com\/v1\/?p=53082"},"modified":"2022-09-30T13:27:36","modified_gmt":"2022-09-30T17:27:36","slug":"em-new-jersey-agentes-penitenciarios-sao-indiciados-por-agressoes-violentas-a-detentas-na-cadeia-feminina","status":"publish","type":"post","link":"https:\/\/www.brazilianpress.com\/v1\/2022\/09\/30\/em-new-jersey-agentes-penitenciarios-sao-indiciados-por-agressoes-violentas-a-detentas-na-cadeia-feminina\/","title":{"rendered":"Em New Jersey agentes penitenci\u00e1rios s\u00e3o indiciados por agress\u00f5es violentas a detentas na cadeia feminina"},"content":{"rendered":"<p><strong>Em New Jersey quatorze agentes penitenci\u00e1rios foram indiciados por agredirem violentamente as detentas, nas quais duas ficaram gravemente feridas em janeiro de 2021.<\/strong><\/p>\n<p>Os membros do j\u00fari votaram na ter\u00e7a-feira para indiciar todos os 14 policiais no incidente no Centro Correcional para Mulheres Edna Mahan, com sede em Hunterdon County, por conspira\u00e7\u00e3o, m\u00e1 conduta oficial, adultera\u00e7\u00e3o de registros p\u00fablicos e agress\u00e3o com fatores agravantes.<\/p>\n<p>De acordo com a investiga\u00e7\u00e3o, os incidentes ocorreram durante a noite entre 11 e 12 de janeiro de 2021 em meio a tens\u00f5es crescentes ap\u00f3s v\u00e1rios incidentes de detentas supostamente vomitando l\u00edquidos desconhecidos em suas celas e atingindo policiais. As prisioneiras foram supostamente agredidas, em uma a\u00e7\u00e3o que o Departamento de Corre\u00e7\u00f5es de New Jersey (DOC) chama de extra\u00e7\u00e3o de presos. De acordo com a pol\u00edtica do DOC, a extra\u00e7\u00e3o deve ser feita somente depois que os presos recusarem ordens para colocar algemas e sair de suas celas por conta pr\u00f3pria, ou se representarem uma amea\u00e7a a si mesmos ou a outros e se recusarem a sair de uma cela.<\/p>\n<p>Nesse caso, dizem os promotores, os policiais planejaram entrar nas celas e usar a for\u00e7a independentemente da resist\u00eancia e, em alguns casos, n\u00e3o deram \u00e0s prisioneiros a chance de cumprir as ordens de colocar algemas e sair de suas celas sem incidentes. Outras vezes, as presos cumpriam ordens de serem algemados e ainda eram retirados \u00e0 for\u00e7a de suas celas.<\/p>\n<p>Uma detenta foi esmurrada quase 30 vezes por um policial, apesar de aparentemente nenhuma provoca\u00e7\u00e3o ou resist\u00eancia f\u00edsica de sua parte tenha sido feita, segundo a investiga\u00e7\u00e3o. Outros policiais seguraram a v\u00edtima quando o ataque ocorreu, \u00e0s vezes agarrando seu cabelo ou empurrando-a, disse o relat\u00f3rio. Ela foi levada para um hospital com dores de cabe\u00e7a, n\u00e1useas e v\u00f4mitos, e os m\u00e9dicos descobriram que ela teve uma concuss\u00e3o.<\/p>\n<p>Outra v\u00edtima, ap\u00f3s sua remo\u00e7\u00e3o, apesar de ter cumprido as ordens de ser algemada, estava coberta de sangue e seu olho direito estava inchado, disse o relat\u00f3rio. Ela foi transportada para o Hunterdon Medical Center, onde os m\u00e9dicos descobriram que seu cr\u00e2nio estava fraturado ao redor do olho. Ela tamb\u00e9m tinha marcas de botas em seu corpo.<\/p>\n<p>A acusa\u00e7\u00e3o alega que esses policiais planejaram, supervisionaram, participaram ou n\u00e3o conseguiram impedir \u201cuma ou mais remo\u00e7\u00f5es for\u00e7adas de celas no n\u00edvel da Unidade de Habita\u00e7\u00e3o Restaurativa com o objetivo de punir, intimidar ou aterrorizar um ou mais internos\u201d.<\/p>\n<p>A acusa\u00e7\u00e3o de conspira\u00e7\u00e3o acarreta uma senten\u00e7a de cinco a 10 anos de pris\u00e3o estadual e uma multa de US$ 150.000. Enquanto isso, a m\u00e1 conduta oficial pode levar a uma senten\u00e7a de cinco a 10 anos de pris\u00e3o estadual com cinco anos de liberdade condicional e uma multa de US $ 150.000, enquanto adultera\u00e7\u00e3o de registros p\u00fablicos \u00e9 pun\u00edvel com tr\u00eas a cinco anos de pris\u00e3o. e uma multa de $ 15.000.<\/p>\n","protected":false},"excerpt":{"rendered":"<p>Em New Jersey quatorze agentes penitenci\u00e1rios foram indiciados por agredirem violentamente as detentas, nas quais duas ficaram gravemente feridas em janeiro de 2021. Os membros do j\u00fari votaram na ter\u00e7a-feira para indiciar todos os 14 policiais no incidente no Centro Correcional para Mulheres Edna Mahan, com sede em Hunterdon County, por conspira\u00e7\u00e3o, m\u00e1 conduta oficial, adultera\u00e7\u00e3o de registros p\u00fablicos e agress\u00e3o com fatores agravantes. De acordo com a investiga\u00e7\u00e3o, os incidentes ocorreram durante a noite entre 11 e 12 de janeiro de 2021 em meio a tens\u00f5es crescentes ap\u00f3s v\u00e1rios incidentes de detentas supostamente vomitando l\u00edquidos desconhecidos em suas celas [&hellip;]<\/p>\n","protected":false},"author":1,"featured_media":53084,"comment_status":"open","ping_status":"closed","sticky":false,"template":"","format":"standard","meta":{"_links_to":"","_links_to_target":""},"categories":[4,3,1],"tags":[],"views":853,"_links":{"self":[{"href":"https:\/\/www.brazilianpress.com\/v1\/wp-json\/wp\/v2\/posts\/53082"}],"collection":[{"href":"https:\/\/www.brazilianpress.com\/v1\/wp-json\/wp\/v2\/posts"}],"about":[{"href":"https:\/\/www.brazilianpress.com\/v1\/wp-json\/wp\/v2\/types\/post"}],"author":[{"embeddable":true,"href":"https:\/\/www.brazilianpress.com\/v1\/wp-json\/wp\/v2\/users\/1"}],"replies":[{"embeddable":true,"href":"https:\/\/www.brazilianpress.com\/v1\/wp-json\/wp\/v2\/comments?post=53082"}],"version-history":[{"count":1,"href":"https:\/\/www.brazilianpress.com\/v1\/wp-json\/wp\/v2\/posts\/53082\/revisions"}],"predecessor-version":[{"id":53085,"href":"https:\/\/www.brazilianpress.com\/v1\/wp-json\/wp\/v2\/posts\/53082\/revisions\/53085"}],"wp:featuredmedia":[{"embeddable":true,"href":"https:\/\/www.brazilianpress.com\/v1\/wp-json\/wp\/v2\/media\/53084"}],"wp:attachment":[{"href":"https:\/\/www.brazilianpress.com\/v1\/wp-json\/wp\/v2\/media?parent=53082"}],"wp:term":[{"taxonomy":"category","embeddable":true,"href":"https:\/\/www.brazilianpress.com\/v1\/wp-json\/wp\/v2\/categories?post=53082"},{"taxonomy":"post_tag","embeddable":true,"href":"https:\/\/www.brazilianpress.com\/v1\/wp-json\/wp\/v2\/tags?post=53082"}],"curies":[{"name":"wp","href":"https:\/\/api.w.org\/{rel}","templated":true}]}}