{"id":53095,"date":"2022-10-01T09:42:14","date_gmt":"2022-10-01T13:42:14","guid":{"rendered":"https:\/\/www.brazilianpress.com\/v1\/?p=53095"},"modified":"2022-10-01T09:42:14","modified_gmt":"2022-10-01T13:42:14","slug":"cruzeiro-confirma-festa-em-bh-para-celebrar-acesso-a-serie-a-veja-detalhes","status":"publish","type":"post","link":"https:\/\/www.brazilianpress.com\/v1\/2022\/10\/01\/cruzeiro-confirma-festa-em-bh-para-celebrar-acesso-a-serie-a-veja-detalhes\/","title":{"rendered":"Cruzeiro confirma festa em BH para celebrar acesso \u00e0 S\u00e9rie A; veja detalhes"},"content":{"rendered":"<p><strong>O\u00a0Cruzeiro\u00a0confirmou nesta quarta-feira a festa para celebrar o retorno do clube \u00e0 S\u00e9rie A do Campeonato Brasileiro. A festa acontecer\u00e1 nesta quinta na Pra\u00e7a Sete, no Centro de Belo Horizonte. Por meio das redes sociais, a Raposa informou detalhes sobre como ser\u00e1 a din\u00e2mica da comemora\u00e7\u00e3o.<\/strong><\/p>\n<p>Haver\u00e1 show da banda Psirico, al\u00e9m da presen\u00e7a de um DJ. As apresenta\u00e7\u00f5es ter\u00e3o in\u00edcio \u00e0s 21h. A festa ser\u00e1 encerrada no come\u00e7o da madrugada de sexta-feira, \u00e0 1h.<\/p>\n<p>A torcida j\u00e1 marcou presen\u00e7a na Pra\u00e7a Sete ap\u00f3s a vit\u00f3ria contra o Vasco, jogo que confirmou matematicamente o acesso. No entanto, nada chancelado oficialmente pelo clube. Agora, \u00e9 o\u00a0Cruzeiro\u00a0que assume a organiza\u00e7\u00e3o da festa.<\/p>\n<p>A dire\u00e7\u00e3o do clube mineiro enviou um of\u00edcio para Prefeitura no \u00faltimo dia 22. A PBH informou que por tratar de uma manifesta\u00e7\u00e3o popular, n\u00e3o \u00e9 preciso licenciamento como evento. No entanto, garantiu que vai &#8220;agir para o devido cumprimento da legisla\u00e7\u00e3o, garantindo a seguran\u00e7a dos cidad\u00e3os&#8221;.<\/p>\n","protected":false},"excerpt":{"rendered":"<p>O\u00a0Cruzeiro\u00a0confirmou nesta quarta-feira a festa para celebrar o retorno do clube \u00e0 S\u00e9rie A do Campeonato Brasileiro. A festa acontecer\u00e1 nesta quinta na Pra\u00e7a Sete, no Centro de Belo Horizonte. Por meio das redes sociais, a Raposa informou detalhes sobre como ser\u00e1 a din\u00e2mica da comemora\u00e7\u00e3o. Haver\u00e1 show da banda Psirico, al\u00e9m da presen\u00e7a de um DJ. As apresenta\u00e7\u00f5es ter\u00e3o in\u00edcio \u00e0s 21h. A festa ser\u00e1 encerrada no come\u00e7o da madrugada de sexta-feira, \u00e0 1h. A torcida j\u00e1 marcou presen\u00e7a na Pra\u00e7a Sete ap\u00f3s a vit\u00f3ria contra o Vasco, jogo que confirmou matematicamente o acesso. No entanto, nada chancelado oficialmente [&hellip;]<\/p>\n","protected":false},"author":1,"featured_media":53096,"comment_status":"open","ping_status":"closed","sticky":false,"template":"","format":"standard","meta":{"_links_to":"","_links_to_target":""},"categories":[9,1],"tags":[],"views":801,"_links":{"self":[{"href":"https:\/\/www.brazilianpress.com\/v1\/wp-json\/wp\/v2\/posts\/53095"}],"collection":[{"href":"https:\/\/www.brazilianpress.com\/v1\/wp-json\/wp\/v2\/posts"}],"about":[{"href":"https:\/\/www.brazilianpress.com\/v1\/wp-json\/wp\/v2\/types\/post"}],"author":[{"embeddable":true,"href":"https:\/\/www.brazilianpress.com\/v1\/wp-json\/wp\/v2\/users\/1"}],"replies":[{"embeddable":true,"href":"https:\/\/www.brazilianpress.com\/v1\/wp-json\/wp\/v2\/comments?post=53095"}],"version-history":[{"count":1,"href":"https:\/\/www.brazilianpress.com\/v1\/wp-json\/wp\/v2\/posts\/53095\/revisions"}],"predecessor-version":[{"id":53097,"href":"https:\/\/www.brazilianpress.com\/v1\/wp-json\/wp\/v2\/posts\/53095\/revisions\/53097"}],"wp:featuredmedia":[{"embeddable":true,"href":"https:\/\/www.brazilianpress.com\/v1\/wp-json\/wp\/v2\/media\/53096"}],"wp:attachment":[{"href":"https:\/\/www.brazilianpress.com\/v1\/wp-json\/wp\/v2\/media?parent=53095"}],"wp:term":[{"taxonomy":"category","embeddable":true,"href":"https:\/\/www.brazilianpress.com\/v1\/wp-json\/wp\/v2\/categories?post=53095"},{"taxonomy":"post_tag","embeddable":true,"href":"https:\/\/www.brazilianpress.com\/v1\/wp-json\/wp\/v2\/tags?post=53095"}],"curies":[{"name":"wp","href":"https:\/\/api.w.org\/{rel}","templated":true}]}}