{"id":53098,"date":"2022-10-01T09:44:05","date_gmt":"2022-10-01T13:44:05","guid":{"rendered":"https:\/\/www.brazilianpress.com\/v1\/?p=53098"},"modified":"2022-10-01T09:44:05","modified_gmt":"2022-10-01T13:44:05","slug":"tiktok-e-acusado-de-violar-a-privacidade-de-criancas-no-reino-unido","status":"publish","type":"post","link":"https:\/\/www.brazilianpress.com\/v1\/2022\/10\/01\/tiktok-e-acusado-de-violar-a-privacidade-de-criancas-no-reino-unido\/","title":{"rendered":"TikTok \u00e9 acusado de violar a privacidade de crian\u00e7as no Reino Unido"},"content":{"rendered":"<p><strong>Autoridades do Reino Unido podem multar o TikTok em US$ 29 milh\u00f5es por processar dados de menores de 13 anos sem o consentimento dos tutores legais desses usu\u00e1rios. A informa\u00e7\u00e3o foi revelada pelo gabinete respons\u00e1vel por salvaguardar a lei geral de prote\u00e7\u00e3o de dados brit\u00e2nica (ICO, na sigla em ingl\u00eas).<\/strong><\/p>\n<p>O \u00f3rg\u00e3o emitiu uma \u201ccarta de inten\u00e7\u00e3o\u201d aos representantes legais do TikTok no pa\u00eds brit\u00e2nico. Em outras palavras, a autoridade n\u00e3o chegou a multar a plataforma chinesa, e a decis\u00e3o \u00e9 provis\u00f3ria at\u00e9 que o caso seja analisado internamente.<\/p>\n<p>O gabinete tamb\u00e9m afirma que a plataforma falhou em prover informa\u00e7\u00f5es \u201cconcisas, transparentes e f\u00e1ceis de entender\u201d aos usu\u00e1rios sobre como os dados s\u00e3o processados. Ainda, o TikTok teria manuseado informa\u00e7\u00f5es tidas como \u201cde categoria especial\u201d sem base legal pela legisla\u00e7\u00e3o brit\u00e2nica \u2014 essa categoria se refere a informa\u00e7\u00f5es sens\u00edveis dos usu\u00e1rios, como ra\u00e7a ou etnicidade.<\/p>\n<p>Segundo a an\u00e1lise pr\u00e9via do gabinete brit\u00e2nico, o TikTok desrespeitou a legisla\u00e7\u00e3o brit\u00e2nica de dados entre maio de 2018 e julho de 2020.<\/p>\n<p>\u201cCompanhias provendo servi\u00e7os digitais t\u00eam dever legal de montar prote\u00e7\u00f5es, mas nossa vis\u00e3o \u00e9 que o TikTok n\u00e3o cumpriu com esse requerimento\u201d, afirmou John Edwards, do gabinete do ICO, em declara\u00e7\u00e3o na segunda-feira 26.<\/p>\n<p>Em resposta \u00e0 ag\u00eancia de not\u00edcias\u00a0Reuters, o TikTok afirmou que discorda da an\u00e1lise provis\u00f3ria e que, se concretizada, vai recorrer \u00e0 Justi\u00e7a. \u201cEmbora respeitemos o papel do ICO em salvaguardar a privacidade no Reino Unido, discordamos das an\u00e1lises preliminares expressadas e pretendemos responder formalmente no devido tempo\u201d, declarou a companhia.<\/p>\n","protected":false},"excerpt":{"rendered":"<p>Autoridades do Reino Unido podem multar o TikTok em US$ 29 milh\u00f5es por processar dados de menores de 13 anos sem o consentimento dos tutores legais desses usu\u00e1rios. A informa\u00e7\u00e3o foi revelada pelo gabinete respons\u00e1vel por salvaguardar a lei geral de prote\u00e7\u00e3o de dados brit\u00e2nica (ICO, na sigla em ingl\u00eas). O \u00f3rg\u00e3o emitiu uma \u201ccarta de inten\u00e7\u00e3o\u201d aos representantes legais do TikTok no pa\u00eds brit\u00e2nico. Em outras palavras, a autoridade n\u00e3o chegou a multar a plataforma chinesa, e a decis\u00e3o \u00e9 provis\u00f3ria at\u00e9 que o caso seja analisado internamente. O gabinete tamb\u00e9m afirma que a plataforma falhou em prover informa\u00e7\u00f5es [&hellip;]<\/p>\n","protected":false},"author":1,"featured_media":45573,"comment_status":"open","ping_status":"closed","sticky":false,"template":"","format":"standard","meta":{"_links_to":"","_links_to_target":""},"categories":[8,1],"tags":[],"views":738,"_links":{"self":[{"href":"https:\/\/www.brazilianpress.com\/v1\/wp-json\/wp\/v2\/posts\/53098"}],"collection":[{"href":"https:\/\/www.brazilianpress.com\/v1\/wp-json\/wp\/v2\/posts"}],"about":[{"href":"https:\/\/www.brazilianpress.com\/v1\/wp-json\/wp\/v2\/types\/post"}],"author":[{"embeddable":true,"href":"https:\/\/www.brazilianpress.com\/v1\/wp-json\/wp\/v2\/users\/1"}],"replies":[{"embeddable":true,"href":"https:\/\/www.brazilianpress.com\/v1\/wp-json\/wp\/v2\/comments?post=53098"}],"version-history":[{"count":1,"href":"https:\/\/www.brazilianpress.com\/v1\/wp-json\/wp\/v2\/posts\/53098\/revisions"}],"predecessor-version":[{"id":53099,"href":"https:\/\/www.brazilianpress.com\/v1\/wp-json\/wp\/v2\/posts\/53098\/revisions\/53099"}],"wp:featuredmedia":[{"embeddable":true,"href":"https:\/\/www.brazilianpress.com\/v1\/wp-json\/wp\/v2\/media\/45573"}],"wp:attachment":[{"href":"https:\/\/www.brazilianpress.com\/v1\/wp-json\/wp\/v2\/media?parent=53098"}],"wp:term":[{"taxonomy":"category","embeddable":true,"href":"https:\/\/www.brazilianpress.com\/v1\/wp-json\/wp\/v2\/categories?post=53098"},{"taxonomy":"post_tag","embeddable":true,"href":"https:\/\/www.brazilianpress.com\/v1\/wp-json\/wp\/v2\/tags?post=53098"}],"curies":[{"name":"wp","href":"https:\/\/api.w.org\/{rel}","templated":true}]}}