{"id":53118,"date":"2022-10-03T17:40:03","date_gmt":"2022-10-03T21:40:03","guid":{"rendered":"https:\/\/www.brazilianpress.com\/v1\/?p=53118"},"modified":"2022-10-03T17:41:47","modified_gmt":"2022-10-03T21:41:47","slug":"casa-branca-diz-que-eleicoes-no-brasil-foram-livres-e-justas","status":"publish","type":"post","link":"https:\/\/www.brazilianpress.com\/v1\/2022\/10\/03\/casa-branca-diz-que-eleicoes-no-brasil-foram-livres-e-justas\/","title":{"rendered":"Casa Branca diz que elei\u00e7\u00f5es no Brasil foram \u201clivres e justas\u201d"},"content":{"rendered":"<p><strong>A porta-voz da Casa Branca, Karine Jean-Pierre, disse nesta 2\u00aa feira (3.out.2022) que as elei\u00e7\u00f5es gerais brasileiras realizadas no domingo (2.out) foram \u201clivres e justas\u201d.<\/strong><\/p>\n<p>Segundo a porta-voz, \u201ctodas as informa\u00e7\u00f5es dispon\u00edveis indicam que o 1\u00ba turno das elei\u00e7\u00f5es foi conduzido de maneira livre, justa, transparente, confi\u00e1vel, com todas as institui\u00e7\u00f5es relevantes operando de acordo com seu papel constitucional\u201d. Eis a \u00edntegra do pronunciamento (181 KB, em ingl\u00eas).\u201cN\u00f3s [a administra\u00e7\u00e3o de Joe Biden] damos os parab\u00e9ns aos cidad\u00e3os e as institui\u00e7\u00f5es brasileiras por realizarem uma elei\u00e7\u00e3o bem-sucedida no 1\u00ba turno e apoiamos o livre exerc\u00edcio do direito de escolher o pr\u00f3ximo l\u00edder\u201d, afirmou&#8230;.<\/p>\n<p>Karine Jean-Pierre disse que os EUA t\u00eam \u201ca confian\u00e7a no Brasil de que o 2\u00ba turno [das elei\u00e7\u00f5es] tamb\u00e9m ser\u00e1 conduzido da mesma maneira\u201d. Com 99,99% das urnas apuradas, Luiz In\u00e1cio Lula da Silva (PT) e Jair Bolsonaro (PL) disputar\u00e3o o 2\u00ba turno das elei\u00e7\u00f5es presidenciais em 30 de outubro de 2022. \/\/ Poder360.<\/p>\n","protected":false},"excerpt":{"rendered":"<p>A porta-voz da Casa Branca, Karine Jean-Pierre, disse nesta 2\u00aa feira (3.out.2022) que as elei\u00e7\u00f5es gerais brasileiras realizadas no domingo (2.out) foram \u201clivres e justas\u201d. Segundo a porta-voz, \u201ctodas as informa\u00e7\u00f5es dispon\u00edveis indicam que o 1\u00ba turno das elei\u00e7\u00f5es foi conduzido de maneira livre, justa, transparente, confi\u00e1vel, com todas as institui\u00e7\u00f5es relevantes operando de acordo com seu papel constitucional\u201d. Eis a \u00edntegra do pronunciamento (181 KB, em ingl\u00eas).\u201cN\u00f3s [a administra\u00e7\u00e3o de Joe Biden] damos os parab\u00e9ns aos cidad\u00e3os e as institui\u00e7\u00f5es brasileiras por realizarem uma elei\u00e7\u00e3o bem-sucedida no 1\u00ba turno e apoiamos o livre exerc\u00edcio do direito de escolher o [&hellip;]<\/p>\n","protected":false},"author":1,"featured_media":39849,"comment_status":"open","ping_status":"closed","sticky":false,"template":"","format":"standard","meta":{"_links_to":"","_links_to_target":""},"categories":[3,1,10],"tags":[],"views":781,"_links":{"self":[{"href":"https:\/\/www.brazilianpress.com\/v1\/wp-json\/wp\/v2\/posts\/53118"}],"collection":[{"href":"https:\/\/www.brazilianpress.com\/v1\/wp-json\/wp\/v2\/posts"}],"about":[{"href":"https:\/\/www.brazilianpress.com\/v1\/wp-json\/wp\/v2\/types\/post"}],"author":[{"embeddable":true,"href":"https:\/\/www.brazilianpress.com\/v1\/wp-json\/wp\/v2\/users\/1"}],"replies":[{"embeddable":true,"href":"https:\/\/www.brazilianpress.com\/v1\/wp-json\/wp\/v2\/comments?post=53118"}],"version-history":[{"count":2,"href":"https:\/\/www.brazilianpress.com\/v1\/wp-json\/wp\/v2\/posts\/53118\/revisions"}],"predecessor-version":[{"id":53120,"href":"https:\/\/www.brazilianpress.com\/v1\/wp-json\/wp\/v2\/posts\/53118\/revisions\/53120"}],"wp:featuredmedia":[{"embeddable":true,"href":"https:\/\/www.brazilianpress.com\/v1\/wp-json\/wp\/v2\/media\/39849"}],"wp:attachment":[{"href":"https:\/\/www.brazilianpress.com\/v1\/wp-json\/wp\/v2\/media?parent=53118"}],"wp:term":[{"taxonomy":"category","embeddable":true,"href":"https:\/\/www.brazilianpress.com\/v1\/wp-json\/wp\/v2\/categories?post=53118"},{"taxonomy":"post_tag","embeddable":true,"href":"https:\/\/www.brazilianpress.com\/v1\/wp-json\/wp\/v2\/tags?post=53118"}],"curies":[{"name":"wp","href":"https:\/\/api.w.org\/{rel}","templated":true}]}}