{"id":53121,"date":"2022-10-04T10:22:08","date_gmt":"2022-10-04T14:22:08","guid":{"rendered":"https:\/\/www.brazilianpress.com\/v1\/?p=53121"},"modified":"2022-10-04T10:22:08","modified_gmt":"2022-10-04T14:22:08","slug":"texas-adolescente-coiote-morreu-no-acidente-com-caminhonete-que-transportava-ilegais","status":"publish","type":"post","link":"https:\/\/www.brazilianpress.com\/v1\/2022\/10\/04\/texas-adolescente-coiote-morreu-no-acidente-com-caminhonete-que-transportava-ilegais\/","title":{"rendered":"Texas: Adolescente &#8220;coiote&#8221; morreu no acidente com caminhonete que transportava ilegais"},"content":{"rendered":"<p><strong>As investiga\u00e7\u00f5es da Seguran\u00e7a Interna continuam a rastrear como nove imigrantes acabaram em um caminh\u00e3o que perdeu o controle em Uvalde na semana passada. Entre os mortos, est\u00e1 uma jovem de 17 anos de Austin, que se acredita ser a respons\u00e1vel pelo contrabando dos nove imigrantes.<\/strong><\/p>\n<p>Isso aconteceu no centro de Uvalde quando a caminhonete que ela dirigia colidiu com um caminh\u00e3o de 18 rodas. Investigadores de Seguran\u00e7a Interna de Del Rio agora est\u00e3o procurando encontrar a organiza\u00e7\u00e3o de contrabando ligada a essas mortes. Na noite de quarta-feira, um acidente de tr\u00eas ve\u00edculos no centro da cidade matou duas pessoas e feriu outras 10. Os dois que foram mortos estavam em uma caminhonete que os agentes da Prote\u00e7\u00e3o de Fronteira sinalizaram como dirigindo de forma irregular.<\/p>\n<p><img src=\"https:\/\/a57.foxnews.com\/static.foxnews.com\/foxnews.com\/content\/uploads\/2022\/09\/640\/320\/uvalde-4.png?ve=1&amp;tl=1\" alt=\"Os destro\u00e7os de um Toyota Tacoma.  O motorista estava contrabandeando nove ilegais quando passou pelo sinal vermelho e colidiu com um caminh\u00e3o.  O motorista e mais um morreram no local. \u00a0\" \/><\/p>\n<p>O Departamento de Seguran\u00e7a P\u00fablica do Texas, que est\u00e1 liderando a investiga\u00e7\u00e3o sobre o acidente em Uvalde, confirmou na quinta-feira que envolveu uma menina de 17 anos que estA menina e um passageiro n\u00e3o identificado no banco da frente com ela foram mortos depois que ela ultrapassou o sinal vermelho e bateu em um caminh\u00e3o Peterbilt 2006. O acidente jogou o caminh\u00e3o em uma picape Dodge 2002.<\/p>\n<p>Os outros oito passageiros do Toyota Tacoma 2007 da menina foram transportados para os hospitais Brooke Army Medical em San Antonio. Um dos passageiros estava em estado cr\u00edtico. Os condutores dos outros dois ve\u00edculos foram transportados para o Hospital Memorial de Uvalde.ava &#8220;envolvida em contrabando de seres humanos enquanto contrabandeava nove imigrantes ilegais do M\u00e9xico&#8221;. Na quinta-feira, o deputado Tony Gonzales (R-TX) , que representa Uvalde, disse \u00e0 Fox News que n\u00e3o ficou surpreso com o acidente, j\u00e1 que outros semelhantes v\u00eam acontecendo nos \u00faltimos dois anos.<\/p>\n<p>&#8220;O pesadelo da crise de fronteira , quando terminar\u00e1?&#8221; disse Gonzales. &#8220;O povo de Uvalde passou por tanta coisa no \u00faltimo ano e meio. E essas persegui\u00e7\u00f5es em alta velocidade honestamente acontecem sem parar h\u00e1 quase dois anos.&#8221; A primeira pergunta que Gonzales fez ao prefeito de Uvalde, Don McLaughlin, quando o prefeito ligou para ele na quarta-feira sobre o acidente foi: &#8220;Isso simplesmente aconteceu? Ou aconteceu durante o dia?&#8221;<\/p>\n<p>Gonzales disse estar preocupado com as escolas da cidade , que tiveram que fechar quase 50 vezes nos \u00faltimos meses, enquanto os contrabandistas invadem a cidade, tentando escapar das autoridades. As crian\u00e7as nas escolas est\u00e3o &#8220;frescas em minha mente&#8221;, disse Gonzales, mas tamb\u00e9m h\u00e1 os socorristas que est\u00e3o respondendo a cenas horr\u00edveis como a de quarta-feira. &#8220;A comunidade \u00e9 essencialmente revitimizada repetidamente&#8221;, disse ele. &#8220;Realmente, os socorristas. Quantos cad\u00e1veres eles t\u00eam que ver? Meus socorristas est\u00e3o em p\u00e9ssimas condi\u00e7\u00f5es.&#8221;<\/p>\n","protected":false},"excerpt":{"rendered":"<p>As investiga\u00e7\u00f5es da Seguran\u00e7a Interna continuam a rastrear como nove imigrantes acabaram em um caminh\u00e3o que perdeu o controle em Uvalde na semana passada. Entre os mortos, est\u00e1 uma jovem de 17 anos de Austin, que se acredita ser a respons\u00e1vel pelo contrabando dos nove imigrantes. Isso aconteceu no centro de Uvalde quando a caminhonete que ela dirigia colidiu com um caminh\u00e3o de 18 rodas. Investigadores de Seguran\u00e7a Interna de Del Rio agora est\u00e3o procurando encontrar a organiza\u00e7\u00e3o de contrabando ligada a essas mortes. Na noite de quarta-feira, um acidente de tr\u00eas ve\u00edculos no centro da cidade matou duas pessoas [&hellip;]<\/p>\n","protected":false},"author":1,"featured_media":53122,"comment_status":"open","ping_status":"closed","sticky":false,"template":"","format":"standard","meta":{"_links_to":"","_links_to_target":""},"categories":[3,1,10],"tags":[],"views":1091,"_links":{"self":[{"href":"https:\/\/www.brazilianpress.com\/v1\/wp-json\/wp\/v2\/posts\/53121"}],"collection":[{"href":"https:\/\/www.brazilianpress.com\/v1\/wp-json\/wp\/v2\/posts"}],"about":[{"href":"https:\/\/www.brazilianpress.com\/v1\/wp-json\/wp\/v2\/types\/post"}],"author":[{"embeddable":true,"href":"https:\/\/www.brazilianpress.com\/v1\/wp-json\/wp\/v2\/users\/1"}],"replies":[{"embeddable":true,"href":"https:\/\/www.brazilianpress.com\/v1\/wp-json\/wp\/v2\/comments?post=53121"}],"version-history":[{"count":1,"href":"https:\/\/www.brazilianpress.com\/v1\/wp-json\/wp\/v2\/posts\/53121\/revisions"}],"predecessor-version":[{"id":53123,"href":"https:\/\/www.brazilianpress.com\/v1\/wp-json\/wp\/v2\/posts\/53121\/revisions\/53123"}],"wp:featuredmedia":[{"embeddable":true,"href":"https:\/\/www.brazilianpress.com\/v1\/wp-json\/wp\/v2\/media\/53122"}],"wp:attachment":[{"href":"https:\/\/www.brazilianpress.com\/v1\/wp-json\/wp\/v2\/media?parent=53121"}],"wp:term":[{"taxonomy":"category","embeddable":true,"href":"https:\/\/www.brazilianpress.com\/v1\/wp-json\/wp\/v2\/categories?post=53121"},{"taxonomy":"post_tag","embeddable":true,"href":"https:\/\/www.brazilianpress.com\/v1\/wp-json\/wp\/v2\/tags?post=53121"}],"curies":[{"name":"wp","href":"https:\/\/api.w.org\/{rel}","templated":true}]}}