{"id":53229,"date":"2022-10-15T06:54:13","date_gmt":"2022-10-15T10:54:13","guid":{"rendered":"https:\/\/www.brazilianpress.com\/v1\/?p=53229"},"modified":"2022-10-15T10:55:17","modified_gmt":"2022-10-15T14:55:17","slug":"estado-de-new-jersey-tem-servicos-de-saude-mental-gratuitos-ou-de-baixo-custo-veja-onde-tem","status":"publish","type":"post","link":"https:\/\/www.brazilianpress.com\/v1\/2022\/10\/15\/estado-de-new-jersey-tem-servicos-de-saude-mental-gratuitos-ou-de-baixo-custo-veja-onde-tem\/","title":{"rendered":"Estado de New Jersey tem servi\u00e7os de sa\u00fade mental gratuitos ou de baixo custo, veja onde tem"},"content":{"rendered":"<p><strong>De acordo com uma noiva pesquisa da Associa\u00e7\u00e3o Psiqui\u00e1trica Americana\u00a0(APA), quatro em cada cinco adultos, 79%, dizem que o estado da sa\u00fade mental nos EUA \u00e9 uma emerg\u00eancia de sa\u00fade p\u00fablica que merece mais aten\u00e7\u00e3o dos legisladores.<\/strong><\/p>\n<p>Quase tr\u00eas quartos dos adultos, 71%, dizem que s\u00e3o mais propensos a votar em um candidato pol\u00edtico que faz do investimento em sa\u00fade mental uma prioridade.\u00a0Oitenta por cento dos entrevistados tamb\u00e9m indicaram que acreditam que a sa\u00fade mental das crian\u00e7as constitui uma emerg\u00eancia de sa\u00fade p\u00fablica.\u00a0Isso est\u00e1 de acordo com uma nova pesquisa encomendada pela APA e conduzida pela Morning Consult entre uma amostra de 2.210 adultos de 21 a 22 de setembro de 2022.<\/p>\n<p>Ataques aleat\u00f3rios continuam sendo uma preocupa\u00e7\u00e3o na cidade de New York, uma vez que nos \u00faltimos dez dias, tr\u00eas esfaqueamentos mortais foram regisrados no sistema p\u00fablico de transporte da cidade.<\/p>\n<p>A Divis\u00e3o de Servi\u00e7os de Sa\u00fade Mental e Depend\u00eancia do estado de New Jersey,\u00a0atende adultos com doen\u00e7as mentais graves e persistentes. Com um or\u00e7amento operacional de mais de US$ 974.785.000 e 5.800 funcion\u00e1rios, os servi\u00e7os est\u00e3o dispon\u00edveis para qualquer pessoa no estado que sinta que precisa de ajuda com um problema de sa\u00fade mental.<\/p>\n<p>A sa\u00fade mental de desastres torna-se crucial em tempos de crise, tanto para os cidad\u00e3os quanto para os socorristas.\u00a0Para obter informa\u00e7\u00f5es sobre servi\u00e7os de sa\u00fade mental de desastres, visite o site da Divis\u00e3o de Desastres e Terrorismo.<\/p>\n<p>Caso a pessoa esteja em crise, ligue para um centro de triagem local ou acesse: https:\/\/www.state.nj.us\/humanservices\/dmhas\/home\/hotlines\/MH_Screening_Centers.pdf.<\/p>\n<p>Para ober mais informa\u00e7\u00f5es sobre os servi\u00e7os prestados pelo estado de New Jersey poder\u00e1 ligar para 1-800-382-6717 ou visite o web site: <a href=\"https:\/\/www.nj.gov\/humanservices\/clients\/mental\/\">https:\/\/www.nj.gov\/humanservices\/clients\/mental\/<\/a>.<\/p>\n","protected":false},"excerpt":{"rendered":"<p>De acordo com uma noiva pesquisa da Associa\u00e7\u00e3o Psiqui\u00e1trica Americana\u00a0(APA), quatro em cada cinco adultos, 79%, dizem que o estado da sa\u00fade mental nos EUA \u00e9 uma emerg\u00eancia de sa\u00fade p\u00fablica que merece mais aten\u00e7\u00e3o dos legisladores. Quase tr\u00eas quartos dos adultos, 71%, dizem que s\u00e3o mais propensos a votar em um candidato pol\u00edtico que faz do investimento em sa\u00fade mental uma prioridade.\u00a0Oitenta por cento dos entrevistados tamb\u00e9m indicaram que acreditam que a sa\u00fade mental das crian\u00e7as constitui uma emerg\u00eancia de sa\u00fade p\u00fablica.\u00a0Isso est\u00e1 de acordo com uma nova pesquisa encomendada pela APA e conduzida pela Morning Consult entre uma [&hellip;]<\/p>\n","protected":false},"author":1,"featured_media":23230,"comment_status":"open","ping_status":"closed","sticky":false,"template":"","format":"standard","meta":{"_links_to":"","_links_to_target":""},"categories":[4,1],"tags":[],"views":655,"_links":{"self":[{"href":"https:\/\/www.brazilianpress.com\/v1\/wp-json\/wp\/v2\/posts\/53229"}],"collection":[{"href":"https:\/\/www.brazilianpress.com\/v1\/wp-json\/wp\/v2\/posts"}],"about":[{"href":"https:\/\/www.brazilianpress.com\/v1\/wp-json\/wp\/v2\/types\/post"}],"author":[{"embeddable":true,"href":"https:\/\/www.brazilianpress.com\/v1\/wp-json\/wp\/v2\/users\/1"}],"replies":[{"embeddable":true,"href":"https:\/\/www.brazilianpress.com\/v1\/wp-json\/wp\/v2\/comments?post=53229"}],"version-history":[{"count":1,"href":"https:\/\/www.brazilianpress.com\/v1\/wp-json\/wp\/v2\/posts\/53229\/revisions"}],"predecessor-version":[{"id":53230,"href":"https:\/\/www.brazilianpress.com\/v1\/wp-json\/wp\/v2\/posts\/53229\/revisions\/53230"}],"wp:featuredmedia":[{"embeddable":true,"href":"https:\/\/www.brazilianpress.com\/v1\/wp-json\/wp\/v2\/media\/23230"}],"wp:attachment":[{"href":"https:\/\/www.brazilianpress.com\/v1\/wp-json\/wp\/v2\/media?parent=53229"}],"wp:term":[{"taxonomy":"category","embeddable":true,"href":"https:\/\/www.brazilianpress.com\/v1\/wp-json\/wp\/v2\/categories?post=53229"},{"taxonomy":"post_tag","embeddable":true,"href":"https:\/\/www.brazilianpress.com\/v1\/wp-json\/wp\/v2\/tags?post=53229"}],"curies":[{"name":"wp","href":"https:\/\/api.w.org\/{rel}","templated":true}]}}