{"id":53617,"date":"2022-12-03T09:18:00","date_gmt":"2022-12-03T13:18:00","guid":{"rendered":"https:\/\/www.brazilianpress.com\/v1\/?p=53617"},"modified":"2022-12-03T09:18:00","modified_gmt":"2022-12-03T13:18:00","slug":"de-ferias-no-atletico-mg-hulk-faz-exame-na-panturrilha-e-segue-rotina-de-treinos","status":"publish","type":"post","link":"https:\/\/www.brazilianpress.com\/v1\/2022\/12\/03\/de-ferias-no-atletico-mg-hulk-faz-exame-na-panturrilha-e-segue-rotina-de-treinos\/","title":{"rendered":"De f\u00e9rias no Atl\u00e9tico-MG, Hulk faz exame na panturrilha e segue rotina de treinoS"},"content":{"rendered":"<p><strong>Hulk n\u00e3o para, nem nas f\u00e9rias. Mant\u00e9m uma rotina de treinos na academia. O atacante do Atl\u00e9tico-MG tem o porte f\u00edsico como um dos trunfos. \u201cAcabei de treinar, a gente n\u00e3o pode ficar parado\u201d, disse em v\u00eddeo postado nas redes sociais.<\/strong><\/p>\n<p>As atividades f\u00edsicas fazem parte tamb\u00e9m da recupera\u00e7\u00e3o de uma les\u00e3o na panturrilha, que o tirou dos jogos finais do Galo no Campeonato Brasileiro. Nesta quarta, ele passou inclusive por exame. Saiu otimista. O objetivo \u00e9 voltar para a pr\u00e9-temporada, dia 14 de dezembro, liberado pelos m\u00e9dicos.<\/p>\n<p>&#8211; Passei na cl\u00ednica para fazer uma resson\u00e2ncia e analisar a situa\u00e7\u00e3o da minha les\u00e3o na panturrilha. Gra\u00e7as a Deus, est\u00e1 indo muito bem, caminhando muito bem.<\/p>\n<p>Hulk lesionou a panturrilha na vit\u00f3ria do Atl\u00e9tico contra o Atl\u00e9tico-GO, em 4 de setembro. Iniciou tratamento e chegou a atuar em algumas partidas. Por\u00e9m, ap\u00f3s o jogo com o Flamengo, dia 15 de outubro, pela 32\u00aa rodada do Brasileiro, a les\u00e3o se intensificou e ele acabou vetado para o restante do campeonato.<\/p>\n<p><strong>Rotina familiar<\/strong><\/p>\n<p>Al\u00e9m dos treinos, Hulk cumpre os compromissos familiares. Ele compartilhou um pouco do dia a dia em casa.<\/p>\n<p>&#8211; Como voc\u00eas sabem, estou de f\u00e9rias, mas hoje eu acordei \u00e0s 7 horas da manh\u00e3 para levar minha esposa ao hospital, j\u00e1 que ela \u00e9 m\u00e9dica e est\u00e1 fazendo uma p\u00f3s-gradua\u00e7\u00e3o.(&#8230;) Vou tomar um banho porque tenho um compromisso muito importante que \u00e9 ir na escola dos meus filhos fazer uma reuni\u00e3o com os professores deles. Que Deus aben\u00e7oe todos voc\u00eas e que o dia de voc\u00eas tamb\u00e9m seja produtivo.<\/p>\n","protected":false},"excerpt":{"rendered":"<p>Hulk n\u00e3o para, nem nas f\u00e9rias. Mant\u00e9m uma rotina de treinos na academia. O atacante do Atl\u00e9tico-MG tem o porte f\u00edsico como um dos trunfos. \u201cAcabei de treinar, a gente n\u00e3o pode ficar parado\u201d, disse em v\u00eddeo postado nas redes sociais. As atividades f\u00edsicas fazem parte tamb\u00e9m da recupera\u00e7\u00e3o de uma les\u00e3o na panturrilha, que o tirou dos jogos finais do Galo no Campeonato Brasileiro. Nesta quarta, ele passou inclusive por exame. Saiu otimista. O objetivo \u00e9 voltar para a pr\u00e9-temporada, dia 14 de dezembro, liberado pelos m\u00e9dicos. &#8211; Passei na cl\u00ednica para fazer uma resson\u00e2ncia e analisar a situa\u00e7\u00e3o [&hellip;]<\/p>\n","protected":false},"author":1,"featured_media":53618,"comment_status":"open","ping_status":"closed","sticky":false,"template":"","format":"standard","meta":{"_links_to":"","_links_to_target":""},"categories":[9,1],"tags":[],"views":947,"_links":{"self":[{"href":"https:\/\/www.brazilianpress.com\/v1\/wp-json\/wp\/v2\/posts\/53617"}],"collection":[{"href":"https:\/\/www.brazilianpress.com\/v1\/wp-json\/wp\/v2\/posts"}],"about":[{"href":"https:\/\/www.brazilianpress.com\/v1\/wp-json\/wp\/v2\/types\/post"}],"author":[{"embeddable":true,"href":"https:\/\/www.brazilianpress.com\/v1\/wp-json\/wp\/v2\/users\/1"}],"replies":[{"embeddable":true,"href":"https:\/\/www.brazilianpress.com\/v1\/wp-json\/wp\/v2\/comments?post=53617"}],"version-history":[{"count":1,"href":"https:\/\/www.brazilianpress.com\/v1\/wp-json\/wp\/v2\/posts\/53617\/revisions"}],"predecessor-version":[{"id":53619,"href":"https:\/\/www.brazilianpress.com\/v1\/wp-json\/wp\/v2\/posts\/53617\/revisions\/53619"}],"wp:featuredmedia":[{"embeddable":true,"href":"https:\/\/www.brazilianpress.com\/v1\/wp-json\/wp\/v2\/media\/53618"}],"wp:attachment":[{"href":"https:\/\/www.brazilianpress.com\/v1\/wp-json\/wp\/v2\/media?parent=53617"}],"wp:term":[{"taxonomy":"category","embeddable":true,"href":"https:\/\/www.brazilianpress.com\/v1\/wp-json\/wp\/v2\/categories?post=53617"},{"taxonomy":"post_tag","embeddable":true,"href":"https:\/\/www.brazilianpress.com\/v1\/wp-json\/wp\/v2\/tags?post=53617"}],"curies":[{"name":"wp","href":"https:\/\/api.w.org\/{rel}","templated":true}]}}