{"id":53620,"date":"2022-12-03T09:19:11","date_gmt":"2022-12-03T13:19:11","guid":{"rendered":"https:\/\/www.brazilianpress.com\/v1\/?p=53620"},"modified":"2022-12-03T09:19:11","modified_gmt":"2022-12-03T13:19:11","slug":"cruzeiro-avanca-para-a-contratacao-do-lateral-bruno-pacheco-do-ceara","status":"publish","type":"post","link":"https:\/\/www.brazilianpress.com\/v1\/2022\/12\/03\/cruzeiro-avanca-para-a-contratacao-do-lateral-bruno-pacheco-do-ceara\/","title":{"rendered":"Cruzeiro avan\u00e7a para a contrata\u00e7\u00e3o do lateral Bruno Pacheco, do Cear\u00e1"},"content":{"rendered":"<p><strong>O\u00a0Cruzeiro\u00a0abriu conversas e avan\u00e7a para tentar a contrata\u00e7\u00e3o do lateral Bruno Pacheco, de 30 anos. O jogador tem mais um ano de contrato com o Cear\u00e1, que est\u00e1 disposto a conversar em um eventual bom neg\u00f3cio.<\/strong><\/p>\n<p>O sal\u00e1rio atual de Bruno Pacheco, no Cear\u00e1, se encaixa dentro da realidade financeira que o\u00a0Cruzeiro\u00a0est\u00e1 disposto a trabalhar para 2023.\u00a0O time mineiro busca um jogador para a posi\u00e7\u00e3o, ap\u00f3s n\u00e3o avan\u00e7a na tentativa de manter Matheus Bidu.<\/p>\n<p>A informa\u00e7\u00e3o do interesse em Bruno Pacheco foi divulgada pelo jornalista\u00a0Jorge Nicola\u00a0e confirmada pelo\u00a0ge. Pacheco \u00e9 um nome de mais experi\u00eancia para a volta do\u00a0Cruzeiro\u00a0\u00e0 S\u00e9rie A do Brasileiro. Mas precisa haver um desfecho positivo ainda com o Cear\u00e1.<\/p>\n<p>Bruno Pacheco est\u00e1 no Cear\u00e1 desde 2020. Nesta temporada, fez 38 jogos com um gol e quatro assist\u00eancias. Na carreira, o jogador passou por Ferrovi\u00e1ria-SP, Inter de Limeira-SP, S\u00e3o Bento-SP, Ipatinga, Guarani, Bragantino, Atl\u00e9tico-GO e Chapecoense, antes de acertar com o Cear\u00e1.<\/p>\n","protected":false},"excerpt":{"rendered":"<p>O\u00a0Cruzeiro\u00a0abriu conversas e avan\u00e7a para tentar a contrata\u00e7\u00e3o do lateral Bruno Pacheco, de 30 anos. O jogador tem mais um ano de contrato com o Cear\u00e1, que est\u00e1 disposto a conversar em um eventual bom neg\u00f3cio. O sal\u00e1rio atual de Bruno Pacheco, no Cear\u00e1, se encaixa dentro da realidade financeira que o\u00a0Cruzeiro\u00a0est\u00e1 disposto a trabalhar para 2023.\u00a0O time mineiro busca um jogador para a posi\u00e7\u00e3o, ap\u00f3s n\u00e3o avan\u00e7a na tentativa de manter Matheus Bidu. A informa\u00e7\u00e3o do interesse em Bruno Pacheco foi divulgada pelo jornalista\u00a0Jorge Nicola\u00a0e confirmada pelo\u00a0ge. Pacheco \u00e9 um nome de mais experi\u00eancia para a volta do\u00a0Cruzeiro\u00a0\u00e0 S\u00e9rie [&hellip;]<\/p>\n","protected":false},"author":1,"featured_media":53621,"comment_status":"open","ping_status":"closed","sticky":false,"template":"","format":"standard","meta":{"_links_to":"","_links_to_target":""},"categories":[9,1],"tags":[],"views":963,"_links":{"self":[{"href":"https:\/\/www.brazilianpress.com\/v1\/wp-json\/wp\/v2\/posts\/53620"}],"collection":[{"href":"https:\/\/www.brazilianpress.com\/v1\/wp-json\/wp\/v2\/posts"}],"about":[{"href":"https:\/\/www.brazilianpress.com\/v1\/wp-json\/wp\/v2\/types\/post"}],"author":[{"embeddable":true,"href":"https:\/\/www.brazilianpress.com\/v1\/wp-json\/wp\/v2\/users\/1"}],"replies":[{"embeddable":true,"href":"https:\/\/www.brazilianpress.com\/v1\/wp-json\/wp\/v2\/comments?post=53620"}],"version-history":[{"count":1,"href":"https:\/\/www.brazilianpress.com\/v1\/wp-json\/wp\/v2\/posts\/53620\/revisions"}],"predecessor-version":[{"id":53622,"href":"https:\/\/www.brazilianpress.com\/v1\/wp-json\/wp\/v2\/posts\/53620\/revisions\/53622"}],"wp:featuredmedia":[{"embeddable":true,"href":"https:\/\/www.brazilianpress.com\/v1\/wp-json\/wp\/v2\/media\/53621"}],"wp:attachment":[{"href":"https:\/\/www.brazilianpress.com\/v1\/wp-json\/wp\/v2\/media?parent=53620"}],"wp:term":[{"taxonomy":"category","embeddable":true,"href":"https:\/\/www.brazilianpress.com\/v1\/wp-json\/wp\/v2\/categories?post=53620"},{"taxonomy":"post_tag","embeddable":true,"href":"https:\/\/www.brazilianpress.com\/v1\/wp-json\/wp\/v2\/tags?post=53620"}],"curies":[{"name":"wp","href":"https:\/\/api.w.org\/{rel}","templated":true}]}}