{"id":53623,"date":"2022-12-03T09:20:35","date_gmt":"2022-12-03T13:20:35","guid":{"rendered":"https:\/\/www.brazilianpress.com\/v1\/?p=53623"},"modified":"2022-12-03T09:20:35","modified_gmt":"2022-12-03T13:20:35","slug":"lutando-contra-a-fome-e-a-miseria-ambientalistas-ameacam-parar-londres","status":"publish","type":"post","link":"https:\/\/www.brazilianpress.com\/v1\/2022\/12\/03\/lutando-contra-a-fome-e-a-miseria-ambientalistas-ameacam-parar-londres\/","title":{"rendered":"Lutando contra a fome e a mis\u00e9ria, ambientalistas amea\u00e7am \u2018parar\u2019 Londres"},"content":{"rendered":"<p><strong>Ambientalistas do movimento de esquerda Just Stop Oil\u00a0amea\u00e7aram \u201cparar\u201d Londres por duas semanas. A iniciativa come\u00e7ou ontem. Os militantes s\u00e3o os mesmos que vandalizaram obras de arte em museus da capital.<\/strong><\/p>\n<p>Em um v\u00eddeo publicado nas redes sociais do grupo, \u00e9 poss\u00edvel ver um ajuntamento de pessoas interrompendo o fluxo do tr\u00e2nsito nas principais vias da cidade. Portando faixas, os militantes cantavam \u201cestamos apenas parando o petr\u00f3leo e com mais medo da crise clim\u00e1tica do que do custo de vida\u201d.<\/p>\n<p>Os ataques dos ambientalistas n\u00e3o come\u00e7aram agora. Em mar\u00e7o, dois militantes do Just Stop Oil colaram as pr\u00f3prias m\u00e3os em uma pintura de Vincent van Gogh\u00a0(1853-1890), como forma de protesto. A obra est\u00e1 exposta na Galeria Courtauld, em Londres, na Inglaterra.<\/p>\n<p>Segundo os manifestantes da organiza\u00e7\u00e3o, a inten\u00e7\u00e3o do protesto era exigir maior apoio das institui\u00e7\u00f5es de arte \u201cna resist\u00eancia civil.\u201d Um dos ativistas, Louis McKechnie, 21 anos, lamentou a a\u00e7\u00e3o contra a pintura, mas afirma ter sido necess\u00e1rio: \u201cLamentamos\u2026 N\u00e3o gostamos de fazer isso, estamos grudados nessa pintura, nessa pintura magn\u00edfica porque temos medo do nosso futuro\u201d.<\/p>\n<p>Outras duas ambientalistas jogaram molho de tomate no quadro Sunflower, do pintor Van Gogh, em 14 de novembro, contra as \u201cmudan\u00e7as clim\u00e1ticas\u201d, em Londres. O grupo disse que luta contra a fome e a mis\u00e9ria no mundo. As extremistas foram detidas pela pol\u00edcia depois do ataque \u00e0 pintura. A obra n\u00e3o sofreu danos, em raz\u00e3o de uma prote\u00e7\u00e3o de vidro.<\/p>\n","protected":false},"excerpt":{"rendered":"<p>Ambientalistas do movimento de esquerda Just Stop Oil\u00a0amea\u00e7aram \u201cparar\u201d Londres por duas semanas. A iniciativa come\u00e7ou ontem. Os militantes s\u00e3o os mesmos que vandalizaram obras de arte em museus da capital. Em um v\u00eddeo publicado nas redes sociais do grupo, \u00e9 poss\u00edvel ver um ajuntamento de pessoas interrompendo o fluxo do tr\u00e2nsito nas principais vias da cidade. Portando faixas, os militantes cantavam \u201cestamos apenas parando o petr\u00f3leo e com mais medo da crise clim\u00e1tica do que do custo de vida\u201d. Os ataques dos ambientalistas n\u00e3o come\u00e7aram agora. Em mar\u00e7o, dois militantes do Just Stop Oil colaram as pr\u00f3prias m\u00e3os em [&hellip;]<\/p>\n","protected":false},"author":1,"featured_media":38137,"comment_status":"open","ping_status":"closed","sticky":false,"template":"","format":"standard","meta":{"_links_to":"","_links_to_target":""},"categories":[8,1],"tags":[],"views":697,"_links":{"self":[{"href":"https:\/\/www.brazilianpress.com\/v1\/wp-json\/wp\/v2\/posts\/53623"}],"collection":[{"href":"https:\/\/www.brazilianpress.com\/v1\/wp-json\/wp\/v2\/posts"}],"about":[{"href":"https:\/\/www.brazilianpress.com\/v1\/wp-json\/wp\/v2\/types\/post"}],"author":[{"embeddable":true,"href":"https:\/\/www.brazilianpress.com\/v1\/wp-json\/wp\/v2\/users\/1"}],"replies":[{"embeddable":true,"href":"https:\/\/www.brazilianpress.com\/v1\/wp-json\/wp\/v2\/comments?post=53623"}],"version-history":[{"count":1,"href":"https:\/\/www.brazilianpress.com\/v1\/wp-json\/wp\/v2\/posts\/53623\/revisions"}],"predecessor-version":[{"id":53624,"href":"https:\/\/www.brazilianpress.com\/v1\/wp-json\/wp\/v2\/posts\/53623\/revisions\/53624"}],"wp:featuredmedia":[{"embeddable":true,"href":"https:\/\/www.brazilianpress.com\/v1\/wp-json\/wp\/v2\/media\/38137"}],"wp:attachment":[{"href":"https:\/\/www.brazilianpress.com\/v1\/wp-json\/wp\/v2\/media?parent=53623"}],"wp:term":[{"taxonomy":"category","embeddable":true,"href":"https:\/\/www.brazilianpress.com\/v1\/wp-json\/wp\/v2\/categories?post=53623"},{"taxonomy":"post_tag","embeddable":true,"href":"https:\/\/www.brazilianpress.com\/v1\/wp-json\/wp\/v2\/tags?post=53623"}],"curies":[{"name":"wp","href":"https:\/\/api.w.org\/{rel}","templated":true}]}}