{"id":53627,"date":"2022-12-03T09:25:15","date_gmt":"2022-12-03T13:25:15","guid":{"rendered":"https:\/\/www.brazilianpress.com\/v1\/?p=53627"},"modified":"2022-12-03T09:25:15","modified_gmt":"2022-12-03T13:25:15","slug":"juiz-rejeita-argumento-de-imunidade-presidencial-para-ex-presidente-trump","status":"publish","type":"post","link":"https:\/\/www.brazilianpress.com\/v1\/2022\/12\/03\/juiz-rejeita-argumento-de-imunidade-presidencial-para-ex-presidente-trump\/","title":{"rendered":"Juiz rejeita argumento de imunidade presidencial para ex-presidente Trump"},"content":{"rendered":"<p><strong>Um tribunal federal em Washington D.C. estipulou na segunda-feira que Donald Trump n\u00e3o est\u00e1 protegido pela imunidade presidencial de um processo por suas tentativas de minar os resultados da elei\u00e7\u00e3o de 2020.<\/strong><\/p>\n<p>O juiz federal Emmet Sullivan rejeitou os argumentos de sua defesa em que afirmavam que o ex-presidente \u00e9 &#8220;absolutamente imune&#8221; a danos por a\u00e7\u00f5es tangenciais \u00e0s suas &#8220;responsabilidades oficiais&#8221;.<\/p>\n<p>\u201cTem sido amplamente reconhecido que a atividade pol\u00edtica necessariamente est\u00e1 fora dos deveres oficiais de um presidente\u201d, escreveu o juiz no documento do tribunal.<\/p>\n<p>A a\u00e7\u00e3o, movida em novembro de 2020 por organiza\u00e7\u00f5es de direitos civis, acusa Trump e o Comit\u00ea Nacional Republicano de conspirar para restringir a vota\u00e7\u00e3o ao intimidar os funcion\u00e1rios eleitorais para garantir que o ex-presidente permane\u00e7a no poder &#8220;apesar de ter perdido as elei\u00e7\u00f5es&#8221;.<\/p>\n<p>Os demandantes, que representam eleitores em v\u00e1rios estados, incluindo Michigan, Pensilv\u00e2nia e Ge\u00f3rgia, que foram fundamentais nas elei\u00e7\u00f5es presidenciais anteriores, alegam que est\u00e3o processando Trump por a\u00e7\u00f5es que ele cometeu como candidato e n\u00e3o como presidente.<\/p>\n<p>Este caso no Distrito de Columbia faz parte das dezenas de a\u00e7\u00f5es judiciais contra o ex-presidente republicano, que j\u00e1 anunciou sua inten\u00e7\u00e3o de se candidatar em 2024, em todo o pa\u00eds.<\/p>\n<p>Em 18 de novembro, o procurador-geral dos Estados Unidos nomeou um promotor especial para investigar Trump por seu poss\u00edvel envolvimento no ataque ao Capit\u00f3lio e pelos documentos classificados encontrados em sua resid\u00eancia na Fl\u00f3rida.<\/p>\n<p>\u00c9 a segunda vez que Trump \u00e9 submetido a uma investiga\u00e7\u00e3o desse tipo, j\u00e1 que em 2017 o ex-diretor do FBI Robert Mueller foi nomeado procurador especial para investigar a interfer\u00eancia russa nas elei\u00e7\u00f5es presidenciais de 2016.<\/p>\n","protected":false},"excerpt":{"rendered":"<p>Um tribunal federal em Washington D.C. estipulou na segunda-feira que Donald Trump n\u00e3o est\u00e1 protegido pela imunidade presidencial de um processo por suas tentativas de minar os resultados da elei\u00e7\u00e3o de 2020. O juiz federal Emmet Sullivan rejeitou os argumentos de sua defesa em que afirmavam que o ex-presidente \u00e9 &#8220;absolutamente imune&#8221; a danos por a\u00e7\u00f5es tangenciais \u00e0s suas &#8220;responsabilidades oficiais&#8221;. \u201cTem sido amplamente reconhecido que a atividade pol\u00edtica necessariamente est\u00e1 fora dos deveres oficiais de um presidente\u201d, escreveu o juiz no documento do tribunal. A a\u00e7\u00e3o, movida em novembro de 2020 por organiza\u00e7\u00f5es de direitos civis, acusa Trump e [&hellip;]<\/p>\n","protected":false},"author":1,"featured_media":45731,"comment_status":"open","ping_status":"closed","sticky":false,"template":"","format":"standard","meta":{"_links_to":"","_links_to_target":""},"categories":[3,1,10],"tags":[],"views":857,"_links":{"self":[{"href":"https:\/\/www.brazilianpress.com\/v1\/wp-json\/wp\/v2\/posts\/53627"}],"collection":[{"href":"https:\/\/www.brazilianpress.com\/v1\/wp-json\/wp\/v2\/posts"}],"about":[{"href":"https:\/\/www.brazilianpress.com\/v1\/wp-json\/wp\/v2\/types\/post"}],"author":[{"embeddable":true,"href":"https:\/\/www.brazilianpress.com\/v1\/wp-json\/wp\/v2\/users\/1"}],"replies":[{"embeddable":true,"href":"https:\/\/www.brazilianpress.com\/v1\/wp-json\/wp\/v2\/comments?post=53627"}],"version-history":[{"count":1,"href":"https:\/\/www.brazilianpress.com\/v1\/wp-json\/wp\/v2\/posts\/53627\/revisions"}],"predecessor-version":[{"id":53628,"href":"https:\/\/www.brazilianpress.com\/v1\/wp-json\/wp\/v2\/posts\/53627\/revisions\/53628"}],"wp:featuredmedia":[{"embeddable":true,"href":"https:\/\/www.brazilianpress.com\/v1\/wp-json\/wp\/v2\/media\/45731"}],"wp:attachment":[{"href":"https:\/\/www.brazilianpress.com\/v1\/wp-json\/wp\/v2\/media?parent=53627"}],"wp:term":[{"taxonomy":"category","embeddable":true,"href":"https:\/\/www.brazilianpress.com\/v1\/wp-json\/wp\/v2\/categories?post=53627"},{"taxonomy":"post_tag","embeddable":true,"href":"https:\/\/www.brazilianpress.com\/v1\/wp-json\/wp\/v2\/tags?post=53627"}],"curies":[{"name":"wp","href":"https:\/\/api.w.org\/{rel}","templated":true}]}}