{"id":53629,"date":"2022-12-03T09:27:02","date_gmt":"2022-12-03T13:27:02","guid":{"rendered":"https:\/\/www.brazilianpress.com\/v1\/?p=53629"},"modified":"2022-12-03T09:27:02","modified_gmt":"2022-12-03T13:27:02","slug":"internacao-involuntaria-de-pessoas-com-doencas-mentais-e-anunciada-por-new-york","status":"publish","type":"post","link":"https:\/\/www.brazilianpress.com\/v1\/2022\/12\/03\/internacao-involuntaria-de-pessoas-com-doencas-mentais-e-anunciada-por-new-york\/","title":{"rendered":"Interna\u00e7\u00e3o involunt\u00e1ria de pessoas com doen\u00e7as mentais \u00e9 anunciada por New York"},"content":{"rendered":"<p><strong>O prefeito de New York, o democrata Eric Adams, anunciou na ter\u00e7a-feira, 29, uma medida pol\u00eamica e potencialmente ilegal, segundo os cr\u00edticos: internar para tratamento, mesmo sem consentimento, pessoas com doen\u00e7a mental.<\/strong><\/p>\n<p>Em entrevista coletiva, ele disse que o objetivo \u00e9 enfrentar a \u201ccrise\u201d de sa\u00fade mental na cidade, e que policiais e socorristas j\u00e1 foram instru\u00eddos a recolher pessoas com sintomas graves de doen\u00e7a mental dos metr\u00f4s e ruas e lev\u00e1-las, mesmo involuntariamente, para hospitais da regi\u00e3o.<\/p>\n<p>Segundo ele, a medida \u00e9 uma resposta \u00e0 \u201ccrise cont\u00ednua de indiv\u00edduos com doen\u00e7as mentais graves deixados sem tratamento e sem abrigo nas ruas e metr\u00f4s da cidade de New York\u201d. \u201cEsses nova-iorquinos e centenas de outros como eles precisam urgentemente de tratamento, mas muitas vezes o recusam quando oferecido\u201d, disse Adams, na entrevista coletiva.<\/p>\n<p>O prefeito disse que os policiais, socorristas e outros agentes \u201creceber\u00e3o treinamento aprimorado sobre como ajudar e cuidar com compaix\u00e3o daqueles em crise de sa\u00fade mental\u201d. \u201cA pr\u00f3pria natureza de suas doen\u00e7as os impede de perceberem que precisam de interven\u00e7\u00e3o e apoio. Sem essa interven\u00e7\u00e3o, eles permanecem perdidos e isolados da sociedade, atormentados por del\u00edrios e pensamentos desordenados. Eles entram e saem de hospitais e pris\u00f5es.\u201d<\/p>\n<p>Adams tamb\u00e9m declarou que existe um \u201cmito\u201d de que a \u201cassist\u00eancia involunt\u00e1ria\u201d se aplica apenas em casos de dano iminente, e disse que a cidade n\u00e3o \u201cabandonar\u00e1 esfor\u00e7os\u201d para interna\u00e7\u00f5es, mesmo que seja contra a vontade da pessoa. Ele invocou todo o poder da Lei de Kendra, legisla\u00e7\u00e3o que permite tratamento ambulatorial assistido por ordem judicial. A lei leva o nome de Kendra Webdale, que morreu depois de ser empurrada para os trilhos do metr\u00f4 por um homem com hist\u00f3rico de doen\u00e7a mental.<\/p>\n<p>A medida foi criticada por alguns profissionais de sa\u00fade mental, que disseram que a cidade deveria se concentrar em solu\u00e7\u00f5es de longo prazo e evitar o tratamento de pessoas que se recusam.<\/p>\n<p>O diretor-executivo da Associa\u00e7\u00e3o de Servi\u00e7os de Reabilita\u00e7\u00e3o Psiqui\u00e1trica de New York, Harvey Rosenthal, disse que o plano \u201cdepende muito da coer\u00e7\u00e3o e do uso involunt\u00e1rio de hospitais\u201d e que \u201cadicionar coer\u00e7\u00e3o a um sistema falido\u201d n\u00e3o \u00e9 adequado e pode n\u00e3o trazer os efeitos desejados.<\/p>\n<p>A diretora-executiva da Uni\u00e3o das Liberdades Civis de New York, Donna Lieberman, tamb\u00e9m condenou o plano. \u201cO prefeito est\u00e1 brincando com os direitos legais dos nova-iorquinos\u201d, resumiu. \u201cAs Constitui\u00e7\u00f5es federal e estadual imp\u00f5em limites estritos \u00e0 capacidade do governo de deter pessoas com doen\u00e7as mentais \u2014 limites que a expans\u00e3o proposta pelo prefeito provavelmente violar\u00e1\u201d, acrescentou, em nota. Para ela, for\u00e7ar as pessoas a se tratarem \u00e9 uma \u201cestrat\u00e9gia fracassada\u201d.<\/p>\n","protected":false},"excerpt":{"rendered":"<p>O prefeito de New York, o democrata Eric Adams, anunciou na ter\u00e7a-feira, 29, uma medida pol\u00eamica e potencialmente ilegal, segundo os cr\u00edticos: internar para tratamento, mesmo sem consentimento, pessoas com doen\u00e7a mental. Em entrevista coletiva, ele disse que o objetivo \u00e9 enfrentar a \u201ccrise\u201d de sa\u00fade mental na cidade, e que policiais e socorristas j\u00e1 foram instru\u00eddos a recolher pessoas com sintomas graves de doen\u00e7a mental dos metr\u00f4s e ruas e lev\u00e1-las, mesmo involuntariamente, para hospitais da regi\u00e3o. Segundo ele, a medida \u00e9 uma resposta \u00e0 \u201ccrise cont\u00ednua de indiv\u00edduos com doen\u00e7as mentais graves deixados sem tratamento e sem abrigo [&hellip;]<\/p>\n","protected":false},"author":1,"featured_media":52444,"comment_status":"open","ping_status":"closed","sticky":false,"template":"","format":"standard","meta":{"_links_to":"","_links_to_target":""},"categories":[4,3,1],"tags":[],"views":976,"_links":{"self":[{"href":"https:\/\/www.brazilianpress.com\/v1\/wp-json\/wp\/v2\/posts\/53629"}],"collection":[{"href":"https:\/\/www.brazilianpress.com\/v1\/wp-json\/wp\/v2\/posts"}],"about":[{"href":"https:\/\/www.brazilianpress.com\/v1\/wp-json\/wp\/v2\/types\/post"}],"author":[{"embeddable":true,"href":"https:\/\/www.brazilianpress.com\/v1\/wp-json\/wp\/v2\/users\/1"}],"replies":[{"embeddable":true,"href":"https:\/\/www.brazilianpress.com\/v1\/wp-json\/wp\/v2\/comments?post=53629"}],"version-history":[{"count":1,"href":"https:\/\/www.brazilianpress.com\/v1\/wp-json\/wp\/v2\/posts\/53629\/revisions"}],"predecessor-version":[{"id":53630,"href":"https:\/\/www.brazilianpress.com\/v1\/wp-json\/wp\/v2\/posts\/53629\/revisions\/53630"}],"wp:featuredmedia":[{"embeddable":true,"href":"https:\/\/www.brazilianpress.com\/v1\/wp-json\/wp\/v2\/media\/52444"}],"wp:attachment":[{"href":"https:\/\/www.brazilianpress.com\/v1\/wp-json\/wp\/v2\/media?parent=53629"}],"wp:term":[{"taxonomy":"category","embeddable":true,"href":"https:\/\/www.brazilianpress.com\/v1\/wp-json\/wp\/v2\/categories?post=53629"},{"taxonomy":"post_tag","embeddable":true,"href":"https:\/\/www.brazilianpress.com\/v1\/wp-json\/wp\/v2\/tags?post=53629"}],"curies":[{"name":"wp","href":"https:\/\/api.w.org\/{rel}","templated":true}]}}