{"id":53631,"date":"2022-12-04T09:51:12","date_gmt":"2022-12-04T13:51:12","guid":{"rendered":"https:\/\/www.brazilianpress.com\/v1\/?p=53631"},"modified":"2022-12-04T09:51:12","modified_gmt":"2022-12-04T13:51:12","slug":"fronteira-biden-avalia-reativar-restricoes-de-imigracao-da-era-trump-dizem-autoridades","status":"publish","type":"post","link":"https:\/\/www.brazilianpress.com\/v1\/2022\/12\/04\/fronteira-biden-avalia-reativar-restricoes-de-imigracao-da-era-trump-dizem-autoridades\/","title":{"rendered":"Fronteira: Biden avalia reativar restri\u00e7\u00f5es de imigra\u00e7\u00e3o da era Trump, dizem autoridades"},"content":{"rendered":"<p><strong>O governo do presidente norte-americano, Joe Biden, dificultar\u00e1 a solicita\u00e7\u00e3o de asilo na fronteira entre os Estados Unidos e o M\u00e9xico sob v\u00e1rios planos que t\u00eam sido considerados semelhantes \u00e0s pol\u00edticas do ex-presidente Donald Trump.<\/strong><\/p>\n<p>Duas autoridades do Departamento de Seguran\u00e7a Interna dos EUA e uma pessoa familiarizada com o assunto disseram que a administra\u00e7\u00e3o Biden est\u00e1 discutindo uma regulamenta\u00e7\u00e3o acelerada para negar asilo a migrantes adultos solteiros se eles n\u00e3o buscarem prote\u00e7\u00e3o em outros pa\u00edses primeiro.<\/p>\n<p><img loading=\"lazy\" class=\"alignnone size-full wp-image-52424\" src=\"https:\/\/www.brazilianpress.com\/v1\/wp-content\/uploads\/2022\/07\/presidente-joe-biden.jpg\" alt=\"\" width=\"700\" height=\"421\" srcset=\"https:\/\/www.brazilianpress.com\/v1\/wp-content\/uploads\/2022\/07\/presidente-joe-biden.jpg 700w, https:\/\/www.brazilianpress.com\/v1\/wp-content\/uploads\/2022\/07\/presidente-joe-biden-300x180.jpg 300w\" sizes=\"(max-width: 700px) 100vw, 700px\" \/><\/p>\n<p>As fontes disseram que n\u00e3o viram uma c\u00f3pia do regulamento proposto e, portanto, n\u00e3o podem fornecer mais detalhes. Desde que Biden assumiu o cargo em janeiro de 2021, seu governo tem enfrentado dificuldades operacionais e politicas com um n\u00famero recorde de migrantes que cruzam ilegalmente a fronteira entre os EUA e o M\u00e9xico. As autoridades fronteiri\u00e7as norte-americanas realizaram 2,2 milh\u00f5es de deten\u00e7\u00f5es de migrantes na fronteira durante o ano fiscal de 2022, encerrado em 30 de setembro, embora muitas delas inclu\u00edssem cruzamentos repetidos.<\/p>\n<p><img loading=\"lazy\" class=\"alignnone size-full wp-image-43709\" src=\"https:\/\/www.brazilianpress.com\/v1\/wp-content\/uploads\/2020\/04\/president-donald-trump.jpg\" alt=\"\" width=\"620\" height=\"450\" srcset=\"https:\/\/www.brazilianpress.com\/v1\/wp-content\/uploads\/2020\/04\/president-donald-trump.jpg 620w, https:\/\/www.brazilianpress.com\/v1\/wp-content\/uploads\/2020\/04\/president-donald-trump-300x218.jpg 300w\" sizes=\"(max-width: 620px) 100vw, 620px\" \/><\/p>\n<p>Outra autoridade dos EUA disse que a administra\u00e7\u00e3o Biden tem discutido outros entraves da era Trump, que incluem exames de asilo acelerados para migrantes sob cust\u00f3dia da Patrulha de Fronteira. Uma possibilidade tamb\u00e9m sob considera\u00e7\u00e3o \u00e9 aumentar a pr\u00e1tica que limita o n\u00famero de migrantes que podem se aproximar de um ponto de entrada para pedir asilo, disse essa autoridade.<\/p>\n","protected":false},"excerpt":{"rendered":"<p>O governo do presidente norte-americano, Joe Biden, dificultar\u00e1 a solicita\u00e7\u00e3o de asilo na fronteira entre os Estados Unidos e o M\u00e9xico sob v\u00e1rios planos que t\u00eam sido considerados semelhantes \u00e0s pol\u00edticas do ex-presidente Donald Trump. Duas autoridades do Departamento de Seguran\u00e7a Interna dos EUA e uma pessoa familiarizada com o assunto disseram que a administra\u00e7\u00e3o Biden est\u00e1 discutindo uma regulamenta\u00e7\u00e3o acelerada para negar asilo a migrantes adultos solteiros se eles n\u00e3o buscarem prote\u00e7\u00e3o em outros pa\u00edses primeiro. As fontes disseram que n\u00e3o viram uma c\u00f3pia do regulamento proposto e, portanto, n\u00e3o podem fornecer mais detalhes. Desde que Biden assumiu o [&hellip;]<\/p>\n","protected":false},"author":1,"featured_media":53632,"comment_status":"open","ping_status":"closed","sticky":false,"template":"","format":"standard","meta":{"_links_to":"","_links_to_target":""},"categories":[4,3,1],"tags":[],"views":1118,"_links":{"self":[{"href":"https:\/\/www.brazilianpress.com\/v1\/wp-json\/wp\/v2\/posts\/53631"}],"collection":[{"href":"https:\/\/www.brazilianpress.com\/v1\/wp-json\/wp\/v2\/posts"}],"about":[{"href":"https:\/\/www.brazilianpress.com\/v1\/wp-json\/wp\/v2\/types\/post"}],"author":[{"embeddable":true,"href":"https:\/\/www.brazilianpress.com\/v1\/wp-json\/wp\/v2\/users\/1"}],"replies":[{"embeddable":true,"href":"https:\/\/www.brazilianpress.com\/v1\/wp-json\/wp\/v2\/comments?post=53631"}],"version-history":[{"count":1,"href":"https:\/\/www.brazilianpress.com\/v1\/wp-json\/wp\/v2\/posts\/53631\/revisions"}],"predecessor-version":[{"id":53633,"href":"https:\/\/www.brazilianpress.com\/v1\/wp-json\/wp\/v2\/posts\/53631\/revisions\/53633"}],"wp:featuredmedia":[{"embeddable":true,"href":"https:\/\/www.brazilianpress.com\/v1\/wp-json\/wp\/v2\/media\/53632"}],"wp:attachment":[{"href":"https:\/\/www.brazilianpress.com\/v1\/wp-json\/wp\/v2\/media?parent=53631"}],"wp:term":[{"taxonomy":"category","embeddable":true,"href":"https:\/\/www.brazilianpress.com\/v1\/wp-json\/wp\/v2\/categories?post=53631"},{"taxonomy":"post_tag","embeddable":true,"href":"https:\/\/www.brazilianpress.com\/v1\/wp-json\/wp\/v2\/tags?post=53631"}],"curies":[{"name":"wp","href":"https:\/\/api.w.org\/{rel}","templated":true}]}}