{"id":53745,"date":"2022-12-18T11:27:10","date_gmt":"2022-12-18T15:27:10","guid":{"rendered":"https:\/\/www.brazilianpress.com\/v1\/?p=53745"},"modified":"2022-12-18T11:27:10","modified_gmt":"2022-12-18T15:27:10","slug":"eua-mantem-milhares-de-imigrantes-em-prisoes-particulares-que-acumulam-lucro-e-denuncias","status":"publish","type":"post","link":"https:\/\/www.brazilianpress.com\/v1\/2022\/12\/18\/eua-mantem-milhares-de-imigrantes-em-prisoes-particulares-que-acumulam-lucro-e-denuncias\/","title":{"rendered":"EUA mant\u00eam milhares de imigrantes em pris\u00f5es particulares, que acumulam lucro e den\u00fancias"},"content":{"rendered":"<p><strong>Javier fugiu da Venezuela em meio ao colapso econ\u00f4mico, \u00e0 repress\u00e3o e \u00e0 pandemia. Ao cruzar a fronteira do M\u00e9xico com os Estados Unidos em 2021, foi detido pelas autoridades americanas, que amea\u00e7aram expuls\u00e1-lo de volta a seu pa\u00eds natal, onde ele alega correr riscos.<\/strong><\/p>\n<p>De tudo isso, \u00e9 da pris\u00e3o que ele fala com mais emo\u00e7\u00e3o durante entrevista \u00e0 Folha. Chora ao mencionar que sentia que sua deten\u00e7\u00e3o estava sendo prolongada porque era rent\u00e1vel. Esse imigrante de 28 anos, que n\u00e3o diz o sobrenome para evitar repercuss\u00f5es legais, passou seis meses numa pris\u00e3o particular, com fins lucrativos.<\/p>\n<p><img src=\"https:\/\/image.cnbcfm.com\/api\/v1\/image\/107005428-16430431362022-01-24t023113z_1111528486_rc295s9ia2lp_rtrmadp_0_usa-immigration.jpeg?v=1643043227&amp;w=1920&amp;h=1080\" alt=\"Private prison company to test U.S. house arrest program for immigrants\" \/><\/p>\n<p>Javier \u00e9 a regra, n\u00e3o a exce\u00e7\u00e3o. Dos 30 mil imigrantes detidos nos EUA, quase 80% est\u00e3o em pris\u00f5es privadas \u2014ou seja, que s\u00e3o posse de empresas ou administradas por elas. Essas institui\u00e7\u00f5es s\u00e3o apenas supervisionadas pelo ICE, o \u00f3rg\u00e3o do governo americano que cuida de assuntos de imigra\u00e7\u00e3o.<\/p>\n<p>O presidente Joe Biden prometeu durante sua campanha que encerraria essa pr\u00e1tica, condenada por ativistas e organiza\u00e7\u00f5es de defesa dos direitos humanos. N\u00e3o cumpriu. O n\u00famero de imigrantes detidos tem crescido durante seu mandato.<\/p>\n<p><img src=\"https:\/\/www.usnews.com\/dims4\/USNEWS\/a54adab\/2147483647\/thumbnail\/970x647\/quality\/85\/?url=https%3A%2F%2Fwww.usnews.com%2Fcmsmedia%2Fec%2F56%2Fa013f2344469a6f4c6536d6e3518%2F210126-ice-editorial.jpg\" alt=\"Biden's Order Aiming to End Use of Private Prisons Excludes Immigrant  Detention Facilities\" \/><\/p>\n<p>Javier conta que foi detido na fronteira e levado ao Mississippi. Um m\u00eas depois, foi transferido para uma pris\u00e3o em Louisiana. Diz que a cela tinha 46 pessoas, duas privadas e duas duchas. A \u00e1gua sa\u00eda quente como se estivesse fervendo um frango, e o leite no caf\u00e9 da manh\u00e3 estava vencido, afirma.<\/p>\n<p>N\u00e3o h\u00e1 como confirmar as informa\u00e7\u00f5es do venezuelano, mas elas se encaixam nas hist\u00f3rias de outros imigrantes que passaram por essa experi\u00eancia. A reportagem entrou em contato com as autoridades americanas, que n\u00e3o comentaram o assunto.<\/p>\n<p>Um relat\u00f3rio recente do Senado americano sugere que dezenas de mulheres foram submetidas a exames ginecol\u00f3gicos invasivos em uma deten\u00e7\u00e3o particular na Ge\u00f3rgia. O texto descreve p\u00e9ssimas condi\u00e7\u00f5es sanit\u00e1rias, incluindo procedimentos inadequados para lidar com a Covid-19. Javier conta que, no seu caso, os policiais que trabalhavam na pris\u00e3o privada se recusaram a ser vacinados.<\/p>\n<p><img src=\"https:\/\/theintercept.imgix.net\/wp-uploads\/sites\/1\/2021\/01\/USATSI_14302184-crop.jpg?auto=compress%2Cformat&amp;q=90&amp;fit=crop&amp;w=1440&amp;h=720\" alt=\"Report: How ICE Escapes Detention Center Oversight\" \/><\/p>\n<p>&#8220;A quest\u00e3o das pris\u00f5es particulares \u00e9 antiga&#8221;, diz Susan Long. Ela \u00e9 codiretora do Trac, um projeto da Universidade Syracuse que monitora estat\u00edsticas relacionadas \u00e0 imigra\u00e7\u00e3o nos EUA. &#8220;Nosso sistema \u00e9 dependente das pris\u00f5es privadas, e existe um imenso debate e preocupa\u00e7\u00e3o quanto \u00e0s condi\u00e7\u00f5es de vida dos detentos.&#8221;<\/p>\n<p>Esse cen\u00e1rio est\u00e1 relacionado a um problema maior nos EUA, que \u00e9 o crescimento de sua popula\u00e7\u00e3o carcer\u00e1ria \u2014em parte, como resultado da guerra \u00e0s drogas travada nas \u00faltimas d\u00e9cadas. H\u00e1 mais de 2 milh\u00f5es de pessoas presas. Para lidar com o montante, o Estado transfere suas responsabilidades para a iniciativa privada, contratando pris\u00f5es particulares.<\/p>\n<p>Para especialistas, um dos principais problemas \u00e9 que os fins lucrativos servem de incentivo para que os administradores dessas pris\u00f5es cortem gastos com seguran\u00e7a, sa\u00fade e alimenta\u00e7\u00e3o. Outro ponto sens\u00edvel \u00e9 a prolonga\u00e7\u00e3o da deten\u00e7\u00e3o, que, na pr\u00e1tica, gera lucro.<\/p>\n<p><img src=\"https:\/\/s.hdnux.com\/photos\/01\/22\/70\/36\/21727128\/4\/1200x0.jpg\" alt=\"California AG Bonta wants another shot at law to shut down private  immigration prisons\" \/><\/p>\n<p>Javier diz que seus pedidos de habeas corpus foram negados sob a justificativa de haver risco de fuga. Ele interpretava a demora como uma maneira de o sistema lucrar mais. Afirma ainda n\u00e3o ter superado o receio de que nunca seria libertado. Fala de colegas de cela \u2014incluindo brasileiros\u2014 que seguem esperando a soltura.<\/p>\n<p>&#8220;\u00c9 um ciclo vicioso&#8221;, explica Jorge Bar\u00f3n, diretor executivo do Northwest Immigrant Rights Project, institui\u00e7\u00e3o que trabalha em defesa de imigrantes. Empresas entram no ramo da deten\u00e7\u00e3o porque h\u00e1 incentivo financeiro para tal. Para expandir o neg\u00f3cio, pressionam o governo. Legisladores aprovam medidas que resultam em ainda mais deten\u00e7\u00f5es.<\/p>\n<p>Javier diz entender que cometeu uma infra\u00e7\u00e3o ao entrar nos EUA sem visto, cruzando a fronteira de modo irregular. Ele sabia que poderia ser detido. N\u00e3o esperava, por\u00e9m, ser tratado como um delinquente. Segundo seu relato, quando era transferido, tinha que colocar algemas nas m\u00e3os, nos p\u00e9s e na cintura. A maior parte dos imigrantes detidos pelas autoridades migrat\u00f3rias cumprem penas por infra\u00e7\u00f5es leves. Segundo o Trac, 69,1% deles n\u00e3o t\u00eam antecedentes criminais.<\/p>\n<p>&#8220;Acreditamos que o governo n\u00e3o deve deter pessoas por viola\u00e7\u00f5es civis de imigra\u00e7\u00e3o&#8221;, diz Bar\u00f3n. Caso ocorra, a situa\u00e7\u00e3o se agrava quando acabam em pris\u00f5es particulares. &#8220;Ao terceirizar deten\u00e7\u00f5es, h\u00e1 menos fiscaliza\u00e7\u00e3o e mais abusos. \u00c9 nas instala\u00e7\u00f5es privadas que os detentos recebem o pior tratamento.&#8221;<\/p>\n","protected":false},"excerpt":{"rendered":"<p>Javier fugiu da Venezuela em meio ao colapso econ\u00f4mico, \u00e0 repress\u00e3o e \u00e0 pandemia. Ao cruzar a fronteira do M\u00e9xico com os Estados Unidos em 2021, foi detido pelas autoridades americanas, que amea\u00e7aram expuls\u00e1-lo de volta a seu pa\u00eds natal, onde ele alega correr riscos. De tudo isso, \u00e9 da pris\u00e3o que ele fala com mais emo\u00e7\u00e3o durante entrevista \u00e0 Folha. Chora ao mencionar que sentia que sua deten\u00e7\u00e3o estava sendo prolongada porque era rent\u00e1vel. Esse imigrante de 28 anos, que n\u00e3o diz o sobrenome para evitar repercuss\u00f5es legais, passou seis meses numa pris\u00e3o particular, com fins lucrativos. Javier \u00e9 [&hellip;]<\/p>\n","protected":false},"author":1,"featured_media":53746,"comment_status":"open","ping_status":"closed","sticky":false,"template":"","format":"standard","meta":{"_links_to":"","_links_to_target":""},"categories":[3,1,10],"tags":[],"views":969,"_links":{"self":[{"href":"https:\/\/www.brazilianpress.com\/v1\/wp-json\/wp\/v2\/posts\/53745"}],"collection":[{"href":"https:\/\/www.brazilianpress.com\/v1\/wp-json\/wp\/v2\/posts"}],"about":[{"href":"https:\/\/www.brazilianpress.com\/v1\/wp-json\/wp\/v2\/types\/post"}],"author":[{"embeddable":true,"href":"https:\/\/www.brazilianpress.com\/v1\/wp-json\/wp\/v2\/users\/1"}],"replies":[{"embeddable":true,"href":"https:\/\/www.brazilianpress.com\/v1\/wp-json\/wp\/v2\/comments?post=53745"}],"version-history":[{"count":1,"href":"https:\/\/www.brazilianpress.com\/v1\/wp-json\/wp\/v2\/posts\/53745\/revisions"}],"predecessor-version":[{"id":53747,"href":"https:\/\/www.brazilianpress.com\/v1\/wp-json\/wp\/v2\/posts\/53745\/revisions\/53747"}],"wp:featuredmedia":[{"embeddable":true,"href":"https:\/\/www.brazilianpress.com\/v1\/wp-json\/wp\/v2\/media\/53746"}],"wp:attachment":[{"href":"https:\/\/www.brazilianpress.com\/v1\/wp-json\/wp\/v2\/media?parent=53745"}],"wp:term":[{"taxonomy":"category","embeddable":true,"href":"https:\/\/www.brazilianpress.com\/v1\/wp-json\/wp\/v2\/categories?post=53745"},{"taxonomy":"post_tag","embeddable":true,"href":"https:\/\/www.brazilianpress.com\/v1\/wp-json\/wp\/v2\/tags?post=53745"}],"curies":[{"name":"wp","href":"https:\/\/api.w.org\/{rel}","templated":true}]}}