{"id":53764,"date":"2022-12-21T16:52:49","date_gmt":"2022-12-21T20:52:49","guid":{"rendered":"https:\/\/www.brazilianpress.com\/v1\/?p=53764"},"modified":"2022-12-21T16:52:49","modified_gmt":"2022-12-21T20:52:49","slug":"encontrada-van-com-corpos-em-um-shopping-em-tijuana-no-mexico","status":"publish","type":"post","link":"https:\/\/www.brazilianpress.com\/v1\/2022\/12\/21\/encontrada-van-com-corpos-em-um-shopping-em-tijuana-no-mexico\/","title":{"rendered":"Encontrada van com corpos em um shopping em Tijuana no M\u00e9xico"},"content":{"rendered":"<p><strong>A Plaza Conquistador em Tijuana, localizada na avenida Agua Caliente, em uma das \u00e1reas consideradas blindadas, voltou a ser uma cena de crime. Na manh\u00e3 de segunda-feira, as autoridades noticiaram a descoberta de uma van abandonada com corpos sem vida no interior no estacionamento de um centro comercial.<\/strong><\/p>\n<p>A Procuradoria de Baixa Calif\u00f3rnia (FGE) confirmou que encontraram seis corpos sem vida, e que desde que os fatos foram conhecidos, eles garantiram que mantiveram comunica\u00e7\u00e3o com as institui\u00e7\u00f5es dos tr\u00eas n\u00edveis de governo que fazem parte da Mesa de Coordena\u00e7\u00e3o em quest\u00f5es de seguran\u00e7a cidad\u00e3.<\/p>\n<p><img loading=\"lazy\" class=\"alignnone size-full\" src=\"https:\/\/tjnoticias.info\/wp-content\/uploads\/2022\/12\/320894967_5729931290421563_8183258235113503977_n.jpg\" width=\"1440\" height=\"810\" \/><\/p>\n<p>Uma lista crescente de homic\u00eddios que mant\u00e9m os tijuanenses vivendo em constante medo. As autoridades receberam a den\u00fancia de uma van abandonada no estacionamento do shopping, local onde foi registrado um duplo homic\u00eddio h\u00e1 apenas tr\u00eas semanas.\u00a0Mas a surpresa foi que l\u00e1 dentro foram encontrados seis corpos sem vida, at\u00e9 ent\u00e3o n\u00e3o identificados.<\/p>\n<p>Um forte dispositivo de seguran\u00e7a foi implantado no local onde estiveram presentes elementos do \u00f3rg\u00e3o estadual de investiga\u00e7\u00e3o, das pol\u00edcias estadual e municipal, da Guarda Nacional e do ex\u00e9rcito mexicano. Segundo as estat\u00edsticas do conselho de seguran\u00e7a cidad\u00e3, em Tijuana, de janeiro a novembro, houve 1.892 homic\u00eddios. Enquanto no ano passado, neste mesmo per\u00edodo, foram 1.834 e em 2020 o n\u00famero foi de 1.872. No entanto, h\u00e1 uma d\u00e9cada, apenas 338 v\u00edtimas foram contabilizadas. At\u00e9 esta segunda-feira, o n\u00famero na cidade est\u00e1 perto de chegar a 2.000 homic\u00eddios neste ano.<\/p>\n<p><img src=\"https:\/\/i.imgur.com\/euctuqm.jpg\" \/><\/p>\n<p>Baixa Calif\u00f3rnia ocupa o terceiro lugar nacional em n\u00famero de homic\u00eddios com mais de 2.520 nos primeiros 11 meses deste 2022. E embora tenha havido queda no estado, apesar do refor\u00e7o militar nas ruas, as estrat\u00e9gias n\u00e3o deram os resultados esperados nesta cidade fronteiri\u00e7a. Em 2021, o n\u00famero de homic\u00eddios de negros em Tijuana fechou com 1.932 homic\u00eddios, n\u00famero que j\u00e1 foi superado, pois at\u00e9 esta segunda-feira foram registrados cerca de 1.980 homic\u00eddios.<\/p>\n<p><img src=\"http:\/\/backend.icserver.net\/uploads\/imagen\/noticias\/3079029563a12f402ce67.jpg\" alt=\"Confirma Fiscal\u00eda BC el hallazgo de seis cad\u00e1veres dentro de una panel en Plaza  Conquistador\" \/><\/p>\n<p>Essa cidade \u00e9 o munic\u00edpio onde ocorrem 80% das mortes violentas do estado. E as \u00e1reas com maior incid\u00eancia s\u00e3o a Zona Centro, Rio, Playas de Tijuana, S\u00e1nchez Taboada e La Presa. Segundo o Conselho Cidad\u00e3o de Seguran\u00e7a P\u00fablica, \u00e9 necess\u00e1rio um plano estrat\u00e9gico de seguran\u00e7a para a Baixa Calif\u00f3rnia, pois, um ano ap\u00f3s a atual administra\u00e7\u00e3o, ainda n\u00e3o existe um plano concreto. Al\u00e9m disso, de acordo com as estat\u00edsticas de final de ano do Citizen Public Safety Council, em termos gerais, a Baixa Calif\u00f3rnia fecha este 2022 com um aumento de 13% na criminalidade.<\/p>\n","protected":false},"excerpt":{"rendered":"<p>A Plaza Conquistador em Tijuana, localizada na avenida Agua Caliente, em uma das \u00e1reas consideradas blindadas, voltou a ser uma cena de crime. Na manh\u00e3 de segunda-feira, as autoridades noticiaram a descoberta de uma van abandonada com corpos sem vida no interior no estacionamento de um centro comercial. A Procuradoria de Baixa Calif\u00f3rnia (FGE) confirmou que encontraram seis corpos sem vida, e que desde que os fatos foram conhecidos, eles garantiram que mantiveram comunica\u00e7\u00e3o com as institui\u00e7\u00f5es dos tr\u00eas n\u00edveis de governo que fazem parte da Mesa de Coordena\u00e7\u00e3o em quest\u00f5es de seguran\u00e7a cidad\u00e3. Uma lista crescente de homic\u00eddios que [&hellip;]<\/p>\n","protected":false},"author":1,"featured_media":53765,"comment_status":"open","ping_status":"closed","sticky":false,"template":"","format":"standard","meta":{"_links_to":"","_links_to_target":""},"categories":[3,8,1],"tags":[],"views":1264,"_links":{"self":[{"href":"https:\/\/www.brazilianpress.com\/v1\/wp-json\/wp\/v2\/posts\/53764"}],"collection":[{"href":"https:\/\/www.brazilianpress.com\/v1\/wp-json\/wp\/v2\/posts"}],"about":[{"href":"https:\/\/www.brazilianpress.com\/v1\/wp-json\/wp\/v2\/types\/post"}],"author":[{"embeddable":true,"href":"https:\/\/www.brazilianpress.com\/v1\/wp-json\/wp\/v2\/users\/1"}],"replies":[{"embeddable":true,"href":"https:\/\/www.brazilianpress.com\/v1\/wp-json\/wp\/v2\/comments?post=53764"}],"version-history":[{"count":1,"href":"https:\/\/www.brazilianpress.com\/v1\/wp-json\/wp\/v2\/posts\/53764\/revisions"}],"predecessor-version":[{"id":53766,"href":"https:\/\/www.brazilianpress.com\/v1\/wp-json\/wp\/v2\/posts\/53764\/revisions\/53766"}],"wp:featuredmedia":[{"embeddable":true,"href":"https:\/\/www.brazilianpress.com\/v1\/wp-json\/wp\/v2\/media\/53765"}],"wp:attachment":[{"href":"https:\/\/www.brazilianpress.com\/v1\/wp-json\/wp\/v2\/media?parent=53764"}],"wp:term":[{"taxonomy":"category","embeddable":true,"href":"https:\/\/www.brazilianpress.com\/v1\/wp-json\/wp\/v2\/categories?post=53764"},{"taxonomy":"post_tag","embeddable":true,"href":"https:\/\/www.brazilianpress.com\/v1\/wp-json\/wp\/v2\/tags?post=53764"}],"curies":[{"name":"wp","href":"https:\/\/api.w.org\/{rel}","templated":true}]}}