{"id":53782,"date":"2022-12-24T06:43:13","date_gmt":"2022-12-24T10:43:13","guid":{"rendered":"https:\/\/www.brazilianpress.com\/v1\/?p=53782"},"modified":"2022-12-24T06:43:13","modified_gmt":"2022-12-24T10:43:13","slug":"mineiro-procurado-pela-interpol-e-preso-em-portugal-por-agentes-disfarcados-de-sem-teto","status":"publish","type":"post","link":"https:\/\/www.brazilianpress.com\/v1\/2022\/12\/24\/mineiro-procurado-pela-interpol-e-preso-em-portugal-por-agentes-disfarcados-de-sem-teto\/","title":{"rendered":"Mineiro procurado pela Interpol \u00e9 preso em Portugal por agentes disfar\u00e7ados de sem-teto"},"content":{"rendered":"<p><strong>Um mineiro procurado pela Interpol foi preso por agentes do Servi\u00e7o de Estrangeiros e Fronteiras (SEF) disfar\u00e7ados de sem-teto em uma pra\u00e7a p\u00fablica de Lisboa, em Portugal. Leonardo Eust\u00e1quio Arcanjo, conhecido como \u201cL\u00e9o Sapinho\u201d, foi detido na Pra\u00e7a Martim Moniz, em Mouraria, por agentes disfar\u00e7ados como \u201csem-teto\u201d.<\/strong><\/p>\n<p>O criminoso era procurado desde 2019 pelas autoridades brasileiras. Leonardo Eust\u00e1quio Arcanjo, de 45 anos, foi condenado a 15 anos e seis meses de pris\u00e3o, em 2019, por um homic\u00eddio qualificado em Minas Gerais. Desde ent\u00e3o, ele era considerado foragido da Justi\u00e7a brasileira. De acordo com o SEF, o criminoso ser\u00e1 apresentado ao Tribunal da Rela\u00e7\u00e3o de Lisboa, que ficar\u00e1 respons\u00e1vel pelo processo de extradi\u00e7\u00e3o dele ao Brasil.<\/p>\n","protected":false},"excerpt":{"rendered":"<p>Um mineiro procurado pela Interpol foi preso por agentes do Servi\u00e7o de Estrangeiros e Fronteiras (SEF) disfar\u00e7ados de sem-teto em uma pra\u00e7a p\u00fablica de Lisboa, em Portugal. Leonardo Eust\u00e1quio Arcanjo, conhecido como \u201cL\u00e9o Sapinho\u201d, foi detido na Pra\u00e7a Martim Moniz, em Mouraria, por agentes disfar\u00e7ados como \u201csem-teto\u201d. O criminoso era procurado desde 2019 pelas autoridades brasileiras. Leonardo Eust\u00e1quio Arcanjo, de 45 anos, foi condenado a 15 anos e seis meses de pris\u00e3o, em 2019, por um homic\u00eddio qualificado em Minas Gerais. Desde ent\u00e3o, ele era considerado foragido da Justi\u00e7a brasileira. De acordo com o SEF, o criminoso ser\u00e1 apresentado ao [&hellip;]<\/p>\n","protected":false},"author":1,"featured_media":53783,"comment_status":"open","ping_status":"closed","sticky":false,"template":"","format":"standard","meta":{"_links_to":"","_links_to_target":""},"categories":[3,8,1],"tags":[],"views":1434,"_links":{"self":[{"href":"https:\/\/www.brazilianpress.com\/v1\/wp-json\/wp\/v2\/posts\/53782"}],"collection":[{"href":"https:\/\/www.brazilianpress.com\/v1\/wp-json\/wp\/v2\/posts"}],"about":[{"href":"https:\/\/www.brazilianpress.com\/v1\/wp-json\/wp\/v2\/types\/post"}],"author":[{"embeddable":true,"href":"https:\/\/www.brazilianpress.com\/v1\/wp-json\/wp\/v2\/users\/1"}],"replies":[{"embeddable":true,"href":"https:\/\/www.brazilianpress.com\/v1\/wp-json\/wp\/v2\/comments?post=53782"}],"version-history":[{"count":1,"href":"https:\/\/www.brazilianpress.com\/v1\/wp-json\/wp\/v2\/posts\/53782\/revisions"}],"predecessor-version":[{"id":53784,"href":"https:\/\/www.brazilianpress.com\/v1\/wp-json\/wp\/v2\/posts\/53782\/revisions\/53784"}],"wp:featuredmedia":[{"embeddable":true,"href":"https:\/\/www.brazilianpress.com\/v1\/wp-json\/wp\/v2\/media\/53783"}],"wp:attachment":[{"href":"https:\/\/www.brazilianpress.com\/v1\/wp-json\/wp\/v2\/media?parent=53782"}],"wp:term":[{"taxonomy":"category","embeddable":true,"href":"https:\/\/www.brazilianpress.com\/v1\/wp-json\/wp\/v2\/categories?post=53782"},{"taxonomy":"post_tag","embeddable":true,"href":"https:\/\/www.brazilianpress.com\/v1\/wp-json\/wp\/v2\/tags?post=53782"}],"curies":[{"name":"wp","href":"https:\/\/api.w.org\/{rel}","templated":true}]}}