{"id":53797,"date":"2022-12-27T18:19:19","date_gmt":"2022-12-27T22:19:19","guid":{"rendered":"https:\/\/www.brazilianpress.com\/v1\/?p=53797"},"modified":"2022-12-29T08:15:26","modified_gmt":"2022-12-29T12:15:26","slug":"bolsonaro-viaja-para-os-eua-nesta-quarta-passa-reveillon-no-resort-de-trump-e-so-deve-retornar-em-marco","status":"publish","type":"post","link":"https:\/\/www.brazilianpress.com\/v1\/2022\/12\/27\/bolsonaro-viaja-para-os-eua-nesta-quarta-passa-reveillon-no-resort-de-trump-e-so-deve-retornar-em-marco\/","title":{"rendered":"Bolsonaro viaja para os EUA nesta quarta, passa R\u00e9veillon no resort de Trump e s\u00f3 deve retornar em mar\u00e7o"},"content":{"rendered":"<p><strong>O presidente Jair Bolsonaro (PL) embarca nesta quarta-feira (28) para os Estados Unidos. O destino \u00e9 Orlando, na Fl\u00f3rida. Ele deve ficar fora do Brasil por ao menos tr\u00eas meses. A princ\u00edpio, parte desse per\u00edodo ser\u00e1 em um resort do ex-presidente norte-americano Donald Trump.<\/strong><\/p>\n<p>Com a decis\u00e3o, comunicada a assessores nesta ter\u00e7a (27), na pr\u00e1tica, Bolsonaro encerra o mandato tr\u00eas dias antes do prazo e confirma que n\u00e3o vai passar a faixa presidencial ao seu sucessor, o petista Luiz In\u00e1cio Lula da Silva, que toma posse em 1\u00ba de janeiro. Pessoalmente, Bolsonaro nunca reconheceu a derrota nas urnas.<\/p>\n<p><img loading=\"lazy\" class=\"alignnone size-full wp-image-40667\" src=\"https:\/\/www.brazilianpress.com\/v1\/wp-content\/uploads\/2019\/08\/trump-bolsonaro-1.jpg\" alt=\"\" width=\"750\" height=\"422\" srcset=\"https:\/\/www.brazilianpress.com\/v1\/wp-content\/uploads\/2019\/08\/trump-bolsonaro-1.jpg 750w, https:\/\/www.brazilianpress.com\/v1\/wp-content\/uploads\/2019\/08\/trump-bolsonaro-1-300x169.jpg 300w\" sizes=\"(max-width: 750px) 100vw, 750px\" \/><\/p>\n<p>Bolsonaro passar\u00e1 a virada de ano no condom\u00ednio Mar-a-Lago, em Palm Beach, na Fl\u00f3rida. A propriedade, que fica dentro de um resort de luxo, tem como dono o Donald Trump, a quem o mandat\u00e1rio possui simpatia. Em mar\u00e7o de 2020, no in\u00edcio da pandemia, Bolsonaro e Trump estiveram juntos em um jantar no local.<\/p>\n<p><strong>Bolsonaro nomeia assessores para trabalharem para ele ap\u00f3s mandato<\/strong><\/p>\n<p>Tamb\u00e9m nesta ter\u00e7a, Bolsonaro nomeou oito aliados que trabalhar\u00e3o com ele ap\u00f3s o fim do mandato. Os nomes foram publicados no Di\u00e1rio Oficial da Uni\u00e3o. Os indicados v\u00e3o trabalhar na Diretoria de Gest\u00e3o de Pessoas da Secretaria Especial de Administra\u00e7\u00e3o, subordinada \u00e0 Secretaria-Geral da Presid\u00eancia da Rep\u00fablica, e assumem os cargos a partir de 1\u00ba de janeiro.<\/p>\n","protected":false},"excerpt":{"rendered":"<p>O presidente Jair Bolsonaro (PL) embarca nesta quarta-feira (28) para os Estados Unidos. O destino \u00e9 Orlando, na Fl\u00f3rida. Ele deve ficar fora do Brasil por ao menos tr\u00eas meses. A princ\u00edpio, parte desse per\u00edodo ser\u00e1 em um resort do ex-presidente norte-americano Donald Trump. Com a decis\u00e3o, comunicada a assessores nesta ter\u00e7a (27), na pr\u00e1tica, Bolsonaro encerra o mandato tr\u00eas dias antes do prazo e confirma que n\u00e3o vai passar a faixa presidencial ao seu sucessor, o petista Luiz In\u00e1cio Lula da Silva, que toma posse em 1\u00ba de janeiro. Pessoalmente, Bolsonaro nunca reconheceu a derrota nas urnas. Bolsonaro passar\u00e1 [&hellip;]<\/p>\n","protected":false},"author":1,"featured_media":46468,"comment_status":"closed","ping_status":"closed","sticky":false,"template":"","format":"standard","meta":{"_links_to":"","_links_to_target":""},"categories":[7,3,1],"tags":[],"views":1296,"_links":{"self":[{"href":"https:\/\/www.brazilianpress.com\/v1\/wp-json\/wp\/v2\/posts\/53797"}],"collection":[{"href":"https:\/\/www.brazilianpress.com\/v1\/wp-json\/wp\/v2\/posts"}],"about":[{"href":"https:\/\/www.brazilianpress.com\/v1\/wp-json\/wp\/v2\/types\/post"}],"author":[{"embeddable":true,"href":"https:\/\/www.brazilianpress.com\/v1\/wp-json\/wp\/v2\/users\/1"}],"replies":[{"embeddable":true,"href":"https:\/\/www.brazilianpress.com\/v1\/wp-json\/wp\/v2\/comments?post=53797"}],"version-history":[{"count":1,"href":"https:\/\/www.brazilianpress.com\/v1\/wp-json\/wp\/v2\/posts\/53797\/revisions"}],"predecessor-version":[{"id":53798,"href":"https:\/\/www.brazilianpress.com\/v1\/wp-json\/wp\/v2\/posts\/53797\/revisions\/53798"}],"wp:featuredmedia":[{"embeddable":true,"href":"https:\/\/www.brazilianpress.com\/v1\/wp-json\/wp\/v2\/media\/46468"}],"wp:attachment":[{"href":"https:\/\/www.brazilianpress.com\/v1\/wp-json\/wp\/v2\/media?parent=53797"}],"wp:term":[{"taxonomy":"category","embeddable":true,"href":"https:\/\/www.brazilianpress.com\/v1\/wp-json\/wp\/v2\/categories?post=53797"},{"taxonomy":"post_tag","embeddable":true,"href":"https:\/\/www.brazilianpress.com\/v1\/wp-json\/wp\/v2\/tags?post=53797"}],"curies":[{"name":"wp","href":"https:\/\/api.w.org\/{rel}","templated":true}]}}