{"id":53799,"date":"2022-12-28T13:13:21","date_gmt":"2022-12-28T17:13:21","guid":{"rendered":"https:\/\/www.brazilianpress.com\/v1\/?p=53799"},"modified":"2022-12-28T13:13:21","modified_gmt":"2022-12-28T17:13:21","slug":"silvio-santos-surpreende-com-recado-em-mansao-na-florida-e-frustra-fas","status":"publish","type":"post","link":"https:\/\/www.brazilianpress.com\/v1\/2022\/12\/28\/silvio-santos-surpreende-com-recado-em-mansao-na-florida-e-frustra-fas\/","title":{"rendered":"Silvio Santos surpreende com recado em mans\u00e3o na Florida e frustra f\u00e3s"},"content":{"rendered":"<p><strong>O apresentador Silvio Santos, que mora em uma mans\u00e3o na Florida, nos Estados Unidos, come\u00e7ou a se incomodar com o ass\u00e9dio dos f\u00e3s brasileiros que fazem passeios tur\u00edsticos pelo local.<\/strong><\/p>\n<p>Agora, a fam\u00edlia Abravanel resolveu deixar um recadinho feito \u00e0 m\u00e3o na porta da mans\u00e3o, agradecendo o carinho do p\u00fablico, mas informando que n\u00e3o consegue atender todo mundo que insiste em tirar fotos com o apresentador.<\/p>\n<p><img src=\"https:\/\/www.bandab.com.br\/wp-content\/uploads\/2022\/12\/image-17-585x960.jpg.webp\" \/><\/p>\n<p>\u201cQueridos amigos brasileiros, somos muito gratos pelo carinho de voc\u00eas. Gostar\u00edamos de poder tirar foto com todos, mas isso seria imposs\u00edvel. Esperamos que entendam. Obrigada pela visita, e que Deus aben\u00e7oe voc\u00eas. Com carinho, fam\u00edlia Abravanel. Um 2023 cheio de vida e alegria!\u201d, diz o recadinho, em foto publicada pela colunista do Em Off, F\u00e1bia Oliveira.<\/p>\n<p><strong>Rea\u00e7\u00e3o dos internautas<\/strong><\/p>\n<p>Nas redes, os usu\u00e1rios resolveram comentar sobre a situa\u00e7\u00e3o, causando um verdadeiro rebuli\u00e7o no Twitter. Alguns sa\u00edram em defesa do apresentador, alegando que ele n\u00e3o tem mais idade e disposi\u00e7\u00e3o para atender todo mundo, e outros fizeram cr\u00edticas duras ou brincaram com a situa\u00e7\u00e3o. De qualquer forma, o nome do famoso foi parar nos Trends Topics. \u201cTamb\u00e9m, a galera jura que porque \u00e9 famoso \u00e9 obrigado a dar assist\u00eancia e atender todo mundo. Silvio j\u00e1 tem idade, a galera n\u00e3o respeita isso. A\u00ed v\u00e3o sair por a\u00ed dizendo que ele foi rude com isso, quero s\u00f3 ver\u201d, disparou uma pessoa.<\/p>\n<p>\u201cT\u00e1 certo , ele precisa de paz e ningu\u00e9m gosta de visita o tempo todo\u201d, opinou uma outra. \u201cO tipo de turismo que n\u00e3o faz sentido nenhum e mesmo assim existe: a casa de Silvio Santos, que deve ser uma caixota sem gra\u00e7a pr\u00e9 moldada. Paulo Mendes da Rocha me ajude a superar a falta de gra\u00e7a dos EUA\u201d, disparou tamb\u00e9m um terceiro.<\/p>\n","protected":false},"excerpt":{"rendered":"<p>O apresentador Silvio Santos, que mora em uma mans\u00e3o na Florida, nos Estados Unidos, come\u00e7ou a se incomodar com o ass\u00e9dio dos f\u00e3s brasileiros que fazem passeios tur\u00edsticos pelo local. Agora, a fam\u00edlia Abravanel resolveu deixar um recadinho feito \u00e0 m\u00e3o na porta da mans\u00e3o, agradecendo o carinho do p\u00fablico, mas informando que n\u00e3o consegue atender todo mundo que insiste em tirar fotos com o apresentador. \u201cQueridos amigos brasileiros, somos muito gratos pelo carinho de voc\u00eas. Gostar\u00edamos de poder tirar foto com todos, mas isso seria imposs\u00edvel. Esperamos que entendam. Obrigada pela visita, e que Deus aben\u00e7oe voc\u00eas. Com carinho, [&hellip;]<\/p>\n","protected":false},"author":1,"featured_media":53800,"comment_status":"open","ping_status":"closed","sticky":false,"template":"","format":"standard","meta":{"_links_to":"","_links_to_target":""},"categories":[4,3,1],"tags":[],"views":1441,"_links":{"self":[{"href":"https:\/\/www.brazilianpress.com\/v1\/wp-json\/wp\/v2\/posts\/53799"}],"collection":[{"href":"https:\/\/www.brazilianpress.com\/v1\/wp-json\/wp\/v2\/posts"}],"about":[{"href":"https:\/\/www.brazilianpress.com\/v1\/wp-json\/wp\/v2\/types\/post"}],"author":[{"embeddable":true,"href":"https:\/\/www.brazilianpress.com\/v1\/wp-json\/wp\/v2\/users\/1"}],"replies":[{"embeddable":true,"href":"https:\/\/www.brazilianpress.com\/v1\/wp-json\/wp\/v2\/comments?post=53799"}],"version-history":[{"count":1,"href":"https:\/\/www.brazilianpress.com\/v1\/wp-json\/wp\/v2\/posts\/53799\/revisions"}],"predecessor-version":[{"id":53801,"href":"https:\/\/www.brazilianpress.com\/v1\/wp-json\/wp\/v2\/posts\/53799\/revisions\/53801"}],"wp:featuredmedia":[{"embeddable":true,"href":"https:\/\/www.brazilianpress.com\/v1\/wp-json\/wp\/v2\/media\/53800"}],"wp:attachment":[{"href":"https:\/\/www.brazilianpress.com\/v1\/wp-json\/wp\/v2\/media?parent=53799"}],"wp:term":[{"taxonomy":"category","embeddable":true,"href":"https:\/\/www.brazilianpress.com\/v1\/wp-json\/wp\/v2\/categories?post=53799"},{"taxonomy":"post_tag","embeddable":true,"href":"https:\/\/www.brazilianpress.com\/v1\/wp-json\/wp\/v2\/tags?post=53799"}],"curies":[{"name":"wp","href":"https:\/\/api.w.org\/{rel}","templated":true}]}}