{"id":53802,"date":"2022-12-28T18:09:16","date_gmt":"2022-12-28T22:09:16","guid":{"rendered":"https:\/\/www.brazilianpress.com\/v1\/?p=53802"},"modified":"2022-12-29T08:15:32","modified_gmt":"2022-12-29T12:15:32","slug":"com-aviao-da-fab-na-florida-bolsonaro-se-prepara-para-voo-rumo-aos-eua","status":"publish","type":"post","link":"https:\/\/www.brazilianpress.com\/v1\/2022\/12\/28\/com-aviao-da-fab-na-florida-bolsonaro-se-prepara-para-voo-rumo-aos-eua\/","title":{"rendered":"Com avi\u00e3o da FAB na Fl\u00f3rida, Bolsonaro se prepara para voo rumo aos EUA"},"content":{"rendered":"<p><strong>No in\u00edcio da madrugada desta quarta-feira (28), um Embraer E-190 (VC-2) da For\u00e7a A\u00e9rea Brasileira (FAB) decolou de Bras\u00edlia rumo aos Estados Unidos, mais precisamente, para o Aeroporto Internacional de Orlando (MCO).<\/strong><\/p>\n<p>A aeronave de matr\u00edcula FAB2590, fez uma parada t\u00e9cnica em Boa Vista (BVB), capital de Roraima, por volta das 3 da manh\u00e3, decolando duas horas mais tarde rumo aos Estados Unidos. Segundo informa\u00e7\u00f5es pr\u00f3ximas ao assunto, voo BRS03 da FAB serviu para transportar uma equipe precursora do Gabinete de Seguran\u00e7a Institucional (GSI), visando inspecionar os locais que Bolsonaro dever\u00e1 visitar nos \u00faltimos dias do seu mandato, que n\u00e3o dever\u00e1 marcar presen\u00e7a na posse Luiz In\u00e1cio Lula da Silva (PT), no dia 1\u00ba de janeiro de 2023.<\/p>\n<p><img src=\"https:\/\/e7wpmragmcs.exactdn.com\/wp-content\/uploads\/2022\/12\/image_2022-12-28_17-10-40-1.jpg?strip=all&amp;lossy=1&amp;quality=65&amp;sharp=1&amp;resize=696%2C438&amp;ssl=1\" alt=\"Avi\u00e3o FAB Bolsonaro Orlando F\u00f3rida Presidente\" \/><\/p>\n<p>Diante da proximidade da transi\u00e7\u00e3o de governo, o Airbus A319 ACJ (VC-1) da FAB dever\u00e1 ser acionado nas pr\u00f3ximas para a realiza\u00e7\u00e3o do voo com o Presidente Jair Bolsonaro. O avi\u00e3o presidencial consegue fazer o voo ente Bras\u00edlia (BSB) e Orlando sem escalas.<\/p>\n","protected":false},"excerpt":{"rendered":"<p>No in\u00edcio da madrugada desta quarta-feira (28), um Embraer E-190 (VC-2) da For\u00e7a A\u00e9rea Brasileira (FAB) decolou de Bras\u00edlia rumo aos Estados Unidos, mais precisamente, para o Aeroporto Internacional de Orlando (MCO). A aeronave de matr\u00edcula FAB2590, fez uma parada t\u00e9cnica em Boa Vista (BVB), capital de Roraima, por volta das 3 da manh\u00e3, decolando duas horas mais tarde rumo aos Estados Unidos. Segundo informa\u00e7\u00f5es pr\u00f3ximas ao assunto, voo BRS03 da FAB serviu para transportar uma equipe precursora do Gabinete de Seguran\u00e7a Institucional (GSI), visando inspecionar os locais que Bolsonaro dever\u00e1 visitar nos \u00faltimos dias do seu mandato, que n\u00e3o [&hellip;]<\/p>\n","protected":false},"author":1,"featured_media":53803,"comment_status":"closed","ping_status":"closed","sticky":false,"template":"","format":"standard","meta":{"_links_to":"","_links_to_target":""},"categories":[3,1,10],"tags":[],"views":1244,"_links":{"self":[{"href":"https:\/\/www.brazilianpress.com\/v1\/wp-json\/wp\/v2\/posts\/53802"}],"collection":[{"href":"https:\/\/www.brazilianpress.com\/v1\/wp-json\/wp\/v2\/posts"}],"about":[{"href":"https:\/\/www.brazilianpress.com\/v1\/wp-json\/wp\/v2\/types\/post"}],"author":[{"embeddable":true,"href":"https:\/\/www.brazilianpress.com\/v1\/wp-json\/wp\/v2\/users\/1"}],"replies":[{"embeddable":true,"href":"https:\/\/www.brazilianpress.com\/v1\/wp-json\/wp\/v2\/comments?post=53802"}],"version-history":[{"count":1,"href":"https:\/\/www.brazilianpress.com\/v1\/wp-json\/wp\/v2\/posts\/53802\/revisions"}],"predecessor-version":[{"id":53804,"href":"https:\/\/www.brazilianpress.com\/v1\/wp-json\/wp\/v2\/posts\/53802\/revisions\/53804"}],"wp:featuredmedia":[{"embeddable":true,"href":"https:\/\/www.brazilianpress.com\/v1\/wp-json\/wp\/v2\/media\/53803"}],"wp:attachment":[{"href":"https:\/\/www.brazilianpress.com\/v1\/wp-json\/wp\/v2\/media?parent=53802"}],"wp:term":[{"taxonomy":"category","embeddable":true,"href":"https:\/\/www.brazilianpress.com\/v1\/wp-json\/wp\/v2\/categories?post=53802"},{"taxonomy":"post_tag","embeddable":true,"href":"https:\/\/www.brazilianpress.com\/v1\/wp-json\/wp\/v2\/tags?post=53802"}],"curies":[{"name":"wp","href":"https:\/\/api.w.org\/{rel}","templated":true}]}}