{"id":53812,"date":"2022-12-29T18:05:09","date_gmt":"2022-12-29T22:05:09","guid":{"rendered":"https:\/\/www.brazilianpress.com\/v1\/?p=53812"},"modified":"2022-12-29T18:05:09","modified_gmt":"2022-12-29T22:05:09","slug":"pele-o-atleta-do-seculo-entra-para-historia-como-a-lenda-do-esporte-mundial","status":"publish","type":"post","link":"https:\/\/www.brazilianpress.com\/v1\/2022\/12\/29\/pele-o-atleta-do-seculo-entra-para-historia-como-a-lenda-do-esporte-mundial\/","title":{"rendered":"Pel\u00e9, o atleta do s\u00e9culo, entra para hist\u00f3ria como a lenda do esporte mundial"},"content":{"rendered":"<p><strong>O futebol perdeu seu Rei. Nesta quinta-feira, morreu Pel\u00e9, o maior jogador da hist\u00f3ria, aos 82 anos. Aberto ao p\u00fablico, o vel\u00f3rio ser\u00e1 realizado das 10h de segunda-feira at\u00e9 as 10h de ter\u00e7a, na Vila Belmiro. O enterro, restrito aos familiares, ser\u00e1 na ter\u00e7a, no Memorial Necr\u00f3pole Ecum\u00eanica, tamb\u00e9m em Santos.<\/strong><\/p>\n<p>O Atleta do S\u00e9culo estava internado desde 29 de novembro no hospital Albert Einstein, em S\u00e3o Paulo. A interna\u00e7\u00e3o ocorreu em virtude de uma infec\u00e7\u00e3o respirat\u00f3ria ap\u00f3s ele contrair Covid-19 e para a reavalia\u00e7\u00e3o do tratamento de um c\u00e2ncer no c\u00f3lon. Na tarde desta quinta, o hospital anunciou a morte do Rei.:<\/p>\n<p><img src=\"https:\/\/s2.glbimg.com\/nI6yxv51S7b05qMjKZt4DeiBH3g=\/0x0:4731x3031\/984x0\/smart\/filters:strip_icc()\/i.s3.glbimg.com\/v1\/AUTH_bc8228b6673f488aa253bbcb03c80ec5\/internal_photos\/bs\/2022\/4\/H\/QmiJiORUq6MVT7FEoOCA\/gettyimages-536762052.jpg\" alt=\"Pel\u00e9 durante evento em Londres em 2016 \u2014 Foto: Neil Hall \/ Getty Images\" \/><\/p>\n<p>&#8211; O Hospital Israelita Albert Einstein confirma com pesar o falecimento de Edson Arantes do Nascimento, o Pel\u00e9, no dia de hoje, 29 de dezembro de 2022, \u00e0s 15h27, em decorr\u00eancia da fal\u00eancia de m\u00faltiplos \u00f3rg\u00e3os, resultado da progress\u00e3o do c\u00e2ncer de c\u00f3lon associado \u00e0 sua condi\u00e7\u00e3o cl\u00ednica pr\u00e9via. O Hospital Israelita Albert Einstein se solidariza com a fam\u00edlia e todos que sofrem com a perda do nosso querido Rei do Futebol.<\/p>\n<p><img src=\"https:\/\/s2.glbimg.com\/lhsoi39L0GyJhiSUCrUnKSy8gcw=\/0x0:3000x1926\/984x0\/smart\/filters:strip_icc()\/i.s3.glbimg.com\/v1\/AUTH_bc8228b6673f488aa253bbcb03c80ec5\/internal_photos\/bs\/2020\/s\/i\/0TU7jaSqGlCR0OKNnnbw\/gettyimages-1227541383.jpg\" alt=\"Pel\u00e9 \u00e9 carregado nos bra\u00e7os durante a comemora\u00e7\u00e3o do Tri em 1970 \u2014 Foto: Alessandro Sabattini\/Getty Images\" \/><\/p>\n<p>O perfil oficial de Pel\u00e9 no Instagram confirmou a morte com a seguinte mensagem.: &#8211; A inspira\u00e7\u00e3o e o amor marcaram a jornada de Rei Pel\u00e9, que pacificamente faleceu no dia de hoje. Em sua jornada, Edson encantou todos com sua genialidade no esporte, parou uma guerra, fez obras sociais no mundo inteiro e espalhou o que mais acreditava ser a cura para todos os nossos problemas: o amor. A sua mensagem em vida se transforma em legado para as futuras gera\u00e7\u00f5es. Amor, amor e amor, para sempre.<\/p>\n<p>Pel\u00e9 passou por uma cirurgia no c\u00f3lon em setembro de 2021 e desde ent\u00e3o vinha sendo submetido a repetidas sess\u00f5es de quimioterapia. No in\u00edcio de 2022, foram detectadas met\u00e1stases no intestino, no pulm\u00e3o e no f\u00edgado. Em 21 de dezembro, o corpo cl\u00ednico do hospital divulgou um boletim m\u00e9dico dizendo que Pel\u00e9 apresentou uma &#8220;progress\u00e3o da doen\u00e7a oncol\u00f3gica&#8221; e que necessitava de maiores cuidados relacionados \u00e0s disfun\u00e7\u00f5es renal e card\u00edaca. Por isso, o ex-jogador n\u00e3o teve autoriza\u00e7\u00e3o para passar o Natal em casa, como queria a fam\u00edlia.<\/p>\n<p><img src=\"https:\/\/s2.glbimg.com\/cszYNOUh4SWutbllmiITBhDrNmo=\/0x0:528x699\/984x0\/smart\/filters:strip_icc()\/i.s3.glbimg.com\/v1\/AUTH_bc8228b6673f488aa253bbcb03c80ec5\/internal_photos\/bs\/2022\/e\/r\/wXtmBbQdWBU7zfnqly1A\/capturar.png\" alt=\"Pel\u00e9 em foto publicada em fevereiro de 2022 \u2014 Foto: Arquivo pessoal\" \/><\/p>\n<p>Kely e Edinho Nascimento, filhos do Rei, publicaram fotos nas \u00faltimos dias com o pai no quarto em que ele estava internado. Outros filhos e netos tamb\u00e9m estiveram no local para a passagem do Natal. Kely tamb\u00e9m postou nesta quinta, logo ap\u00f3s a divulga\u00e7\u00e3o da morte do pai. &#8211; Tudo que nos somos \u00e9 gra\u00e7as a voc\u00ea. Te amamos infinitamente. Descanse em paz &#8211; postou a filha. Apesar do quadro complicado, Pel\u00e9 passou alguns dias est\u00e1vel e com uma leve melhora. Nos \u00faltimos dias, por\u00e9m, a sa\u00fade do Rei voltou a piorar. Em virtude da idade avan\u00e7ada e do tratamento, as apari\u00e7\u00f5es p\u00fablicas do Rei do Futebol se tornaram cada vez menos frequentes nos \u00faltimos anos. Em redes sociais, ele manifestava otimismo com a recupera\u00e7\u00e3o.<\/p>\n<p><strong>Homenageado no Catar 2022<\/strong><\/p>\n<p>Pel\u00e9 recebeu diversas homenagens durante a Copa do Mundo de 2022, disputada enquanto ele estava internado na capital paulista. Jogadores como Neymar, Richarlison e Mbapp\u00e9 desejaram melhoras ao g\u00eanio em meio ao torneio. Torcedores tamb\u00e9m exibiram faixas nos est\u00e1dios. Pel\u00e9 teve sete filhos e estava casado desde 2016 com M\u00e1rcia Aoki.<\/p>\n<p><img src=\"https:\/\/s2.glbimg.com\/ALEcYGbukgR2X1DY7GIdni6yh4A=\/0x0:1280x714\/984x0\/smart\/filters:strip_icc()\/i.s3.glbimg.com\/v1\/AUTH_bc8228b6673f488aa253bbcb03c80ec5\/internal_photos\/bs\/2022\/T\/P\/2LU984RFCqg2kwtb9UDw\/whatsapp-image-2022-12-05-at-18.02.23.jpeg\" alt=\"Homenagem dos jogadores da sele\u00e7\u00e3o brasileira a Pel\u00e9 na Copa do Mundo \u2014 Foto: Reuters\" \/><\/p>\n<p>Do primeiro casamento, com Rosemeri Cholbi, nasceram Kely Cristina, Edinho e Jennifer. O ex-jogador tamb\u00e9m \u00e9 pai dos g\u00eameos Joshua e Celeste, de seu relacionamento com a psic\u00f3loga Ass\u00edria Lemos. Al\u00e9m desses, Pel\u00e9 teve duas filhas fora do casamento: Sandra Regina, que s\u00f3 obteve o reconhecimento da paternidade pela Justi\u00e7a e morreu em 2006, e Fl\u00e1via.<\/p>\n<p><strong>Lenda viva do futebol<\/strong><\/p>\n<p>O maior jogador de futebol de todos os tempos estreou na Sele\u00e7\u00e3o em 1957, numa partida da Copa Roca contra a Argentina, quando tamb\u00e9m fez seu primeiro gol com a camisa amarelinha. Pela equipe brasileira, com apenas 17 anos, venceu a Copa do Mundo na Su\u00e9cia, em 1958. Quatro anos depois, se machucaria na segunda rodada do Mundial do Chile, tamb\u00e9m vencido pelo Brasil. Ap\u00f3s ser ca\u00e7ado em campo com duras faltas na Copa do Mundo de 1966, na Inglaterra, ele comandou o lend\u00e1rio time brasileiro ao tricampeonato mundial em 1970, no M\u00e9xico \u2013 \u00e9 o \u00fanico jogador a vencer tr\u00eas Copas.<\/p>\n<p><img src=\"https:\/\/s2.glbimg.com\/z4BV9Am9Cfnd2PkiTroOaERO42A=\/0x0:1400x1252\/984x0\/smart\/filters:strip_icc()\/i.s3.glbimg.com\/v1\/AUTH_bc8228b6673f488aa253bbcb03c80ec5\/internal_photos\/bs\/2022\/V\/5\/As5QIBSfyIRp8FjuJoLw\/pele.jpg\" alt=\"Pel\u00e9 com o pai Dondinho e a m\u00e3e Celeste \u2014 Foto: Fifa\" \/><\/p>\n<p>Pelo Santos, Pel\u00e9 \u00e9 dono de marcas impressionantes: venceu dez vezes o Campeonato Paulista, torneio do qual foi o artilheiro por nove temporadas seguidas. Ainda foi bicampe\u00e3o da Libertadores e do Mundial de Clubes, em 1962 e 1963. Foi tamb\u00e9m com a camisa branca do Peixe que marcou seu mil\u00e9simo gol, contra o Vasco, no Maracan\u00e3, no dia 19 de novembro de 1969. Segundo n\u00fameros do Santos, Pel\u00e9 marcou pelo clube 1.091 gols em 1.116 jogos. Com a camisa canarinho, Pel\u00e9 disputou 113 jogos e marcou 95 gols, de acordo com n\u00fameros da CBF. Nas contas da Fifa, que considera apenas jogos entre sele\u00e7\u00f5es, s\u00e3o 77 gols em 91 partidas. Em toda a carreira, Pel\u00e9 fez 1.282 gols em 1.364 partidas na contabiliza\u00e7\u00e3o feita pelo Santos. Nas redes sociais, o Rei dizia ter feito um a mais, 1.283.<\/p>\n<p><img src=\"https:\/\/s2.glbimg.com\/eX7aQCTGGBwMN_WaKzrr5M-MmFw=\/0x0:950x1323\/984x0\/smart\/filters:strip_icc()\/s.glbimg.com\/es\/ge\/f\/original\/2014\/11\/25\/1960_pele_ae_domiciopinheiro.jpg\" alt=\"Pel\u00e9 em 1960: camisa 10 ganhou tr\u00eas Copas do Mundo \u2014 Foto: Domicio Pinheiro \/ Ag. Estado\" \/><\/p>\n<p><img src=\"https:\/\/s2.glbimg.com\/EueS_FUnadgLcWXbUwxuJpe7FcA=\/0x0:690x1171\/984x0\/smart\/filters:strip_icc()\/s.glbimg.com\/es\/ge\/f\/original\/2014\/11\/25\/pelejairzinho_div.jpg\" alt=\"Pel\u00e9 comemra gol do Brasil \u2014 Foto: Divulga\u00e7\u00e3o\" \/><\/p>\n","protected":false},"excerpt":{"rendered":"<p>O futebol perdeu seu Rei. Nesta quinta-feira, morreu Pel\u00e9, o maior jogador da hist\u00f3ria, aos 82 anos. Aberto ao p\u00fablico, o vel\u00f3rio ser\u00e1 realizado das 10h de segunda-feira at\u00e9 as 10h de ter\u00e7a, na Vila Belmiro. O enterro, restrito aos familiares, ser\u00e1 na ter\u00e7a, no Memorial Necr\u00f3pole Ecum\u00eanica, tamb\u00e9m em Santos. O Atleta do S\u00e9culo estava internado desde 29 de novembro no hospital Albert Einstein, em S\u00e3o Paulo. A interna\u00e7\u00e3o ocorreu em virtude de uma infec\u00e7\u00e3o respirat\u00f3ria ap\u00f3s ele contrair Covid-19 e para a reavalia\u00e7\u00e3o do tratamento de um c\u00e2ncer no c\u00f3lon. Na tarde desta quinta, o hospital anunciou a [&hellip;]<\/p>\n","protected":false},"author":1,"featured_media":53813,"comment_status":"open","ping_status":"closed","sticky":false,"template":"","format":"standard","meta":{"_links_to":"","_links_to_target":""},"categories":[7,3,1],"tags":[],"views":1504,"_links":{"self":[{"href":"https:\/\/www.brazilianpress.com\/v1\/wp-json\/wp\/v2\/posts\/53812"}],"collection":[{"href":"https:\/\/www.brazilianpress.com\/v1\/wp-json\/wp\/v2\/posts"}],"about":[{"href":"https:\/\/www.brazilianpress.com\/v1\/wp-json\/wp\/v2\/types\/post"}],"author":[{"embeddable":true,"href":"https:\/\/www.brazilianpress.com\/v1\/wp-json\/wp\/v2\/users\/1"}],"replies":[{"embeddable":true,"href":"https:\/\/www.brazilianpress.com\/v1\/wp-json\/wp\/v2\/comments?post=53812"}],"version-history":[{"count":1,"href":"https:\/\/www.brazilianpress.com\/v1\/wp-json\/wp\/v2\/posts\/53812\/revisions"}],"predecessor-version":[{"id":53814,"href":"https:\/\/www.brazilianpress.com\/v1\/wp-json\/wp\/v2\/posts\/53812\/revisions\/53814"}],"wp:featuredmedia":[{"embeddable":true,"href":"https:\/\/www.brazilianpress.com\/v1\/wp-json\/wp\/v2\/media\/53813"}],"wp:attachment":[{"href":"https:\/\/www.brazilianpress.com\/v1\/wp-json\/wp\/v2\/media?parent=53812"}],"wp:term":[{"taxonomy":"category","embeddable":true,"href":"https:\/\/www.brazilianpress.com\/v1\/wp-json\/wp\/v2\/categories?post=53812"},{"taxonomy":"post_tag","embeddable":true,"href":"https:\/\/www.brazilianpress.com\/v1\/wp-json\/wp\/v2\/tags?post=53812"}],"curies":[{"name":"wp","href":"https:\/\/api.w.org\/{rel}","templated":true}]}}