{"id":53815,"date":"2022-12-30T12:45:31","date_gmt":"2022-12-30T16:45:31","guid":{"rendered":"https:\/\/www.brazilianpress.com\/v1\/?p=53815"},"modified":"2022-12-30T12:45:31","modified_gmt":"2022-12-30T16:45:31","slug":"com-o-fim-do-velho-vamos-comecar-tudo-de-novo-happy-new-year","status":"publish","type":"post","link":"https:\/\/www.brazilianpress.com\/v1\/2022\/12\/30\/com-o-fim-do-velho-vamos-comecar-tudo-de-novo-happy-new-year\/","title":{"rendered":"Com o fim do velho vamos come\u00e7ar tudo de novo, Happy New Year"},"content":{"rendered":"<p><strong>By Francisco Sampa<\/strong><\/p>\n<p><strong>H\u00e1\u00a0quase 365 dias o velho era novo. Cheio de vida e esperan\u00e7a. Nascia cheio de garra para enfrentar o dia a dia e as coisas que viriam pela frente. E foram muitas coisas: alegrias, tristezas, trag\u00e9dias, nascimentos e mortes. Como tudo na vida passa e tem fim, tamb\u00e9m aconteceu com ele e acontecer\u00e1 com todos n\u00f3s.\u00a0\u00c9 um ciclo, uma roda sem fim: nascer, viver, morrer, nascer, viver, morrer e assim \u00e9 com o ano. Os animais, racionais ou n\u00e3o, todos t\u00eam o seu come\u00e7o, meio e fim. \u00c9 um processo necess\u00e1rio para a preserva\u00e7\u00e3o da esp\u00e9cie e da vida.<\/strong><\/p>\n<p>Todos j\u00e1 nascem com data de vencimento certa ou com a certeza de que um dia ela chegar\u00e1 e n\u00f3s, os seres vivos, humanos ou n\u00e3o, um dia nos depararemos com a data do nosso fim. \u00c9 bom estarmos preparados com o passar dos anos, pois quando o dia do nosso tempo chegar, pode ser o in\u00edcio de uma nova fase, uma nova era, da qual n\u00e3o temos conhecimento. Para uns ser\u00e1 o fim. Para outros, o in\u00edcio de uma nova vida. Vida? Existe vida depois da morte? Se existe vida depois da morte, n\u00e3o existe morte. \u201cE agora Jos\u00e9? Como fica Jos\u00e9? \u201d, como indagou o poeta.<\/p>\n<p>O ano de 2022 se vai, mas outros vir\u00e3o. O d\u00f3lar caiu, o d\u00f3lar subiu, o euro subiu, o real\u2026, balan\u00e7ou e o povo da terra Brasilis come\u00e7a lentamente a ver no horizonte o que deixou para tr\u00e1s. Por mais que queiram negar, o fato est\u00e1 a\u00ed em nossas barbas. As malas foram afiveladas e nossos irm\u00e3os ricos ou n\u00e3o, miss\u00e3o cumprida ou n\u00e3o retornaram \u00e0 terra que os viu nascer, onde nasceram nossos pais, sonhos e frustra\u00e7\u00f5es, nossos amigos e nossos del\u00edrios. Muitos duvidaram e duvidam do sucesso da volta. \u201cO bom filho \u00e0 casa torna\u201d, \u00e9 o dito popular, entretanto o que n\u00e3o explica \u00e9 se ele volta com o bolso cheio ou vazio. Uns est\u00e3o voltando para uma nova velha vida. Outros simplesmente voltando para a vida junto aos amigos da rua, do boteco no fim de tarde, da pelada aos domingos, da balada e do pagode. Rever a fam\u00edlia, a rua que ficou para tr\u00e1s, o cachorro que sorria latindo e a certeza de que voltou para o lugar que ama, ao lado dos seres amados.<\/p>\n<p>2022 se foi e com ele muitos de nossos compatriotas, por\u00e9m n\u00f3s continuaremos por aqui, lutando, vivendo, ajudando no que for poss\u00edvel \u00e0queles que precisarem de aux\u00edlio para resolver uma quest\u00e3o. Seja de fato ou de f\u00e9, aos que ficaram e aos que foram, nossos votos de felicidade, sa\u00fade e muita paz. Que este ano que ora se inicia traga em seu seio realiza\u00e7\u00f5es para a na\u00e7\u00e3o imigrante.<\/p>\n<p>Bem-vindo 2023! Que seja bem-vindo com sua mala pesada e que Deus nos d\u00ea for\u00e7as para a carregar. Que a esperan\u00e7a n\u00e3o se perca, nem seja depositada nas m\u00e3os de um s\u00f3 homem. A esperan\u00e7a est\u00e1 em Deus nosso pai. J\u00e1 aos que voltaram e est\u00e3o voltando, desejamos muito sucesso. Aos que ficam e seguem na busca do American Dream, muita f\u00e9, luta e trabalho, muita paci\u00eancia e perseveran\u00e7a. Dias melhores vir\u00e3o. Basta ter f\u00e9. Ontem j\u00e1 \u00e9 hist\u00f3ria. Agora \u00e9 o presente. O futuro \u00e9 uma astronave que podemos pilotar. Nosso destino, assim como o ano que se foi, ser\u00e1 cumprido. O velho que agora se vai, dar\u00e1 espa\u00e7o ao novo e a um in\u00edcio de uma nova era, onde nada ser\u00e1 como antes e o amanh\u00e3 a Deus pertence. No amanh\u00e3 est\u00e1 a esperan\u00e7a de uma nova fase na vida de todos e lutaremos para recome\u00e7ar. Por pior que seja a crise, ela \u00e9 passageira e a nossa vontade de superar obst\u00e1culos \u00e9 forte, voraz e eterna. Com muita luta, garra e f\u00e9 nossa meta ser\u00e1 alcan\u00e7ada. N\u00e3o importa se na terra do Tio Sam ou na Terra Brasilis. O novo se tornar\u00e1 velho e voltar\u00e1 a ser novo outra vez. Assim \u00e9 a vida. Reciclando rumo ao infinito.<\/p>\n<p>2023 est\u00e1 chegando! Queira o bom DEUS que ele venha repleto de coisas boas, porque com certeza daqui a 365 dias ser\u00e1 o velho da vez e n\u00f3s estaremos muito mais fortes, capazes e experientes. Mais velhos a bem da verdade. A crise como tantas outras ser\u00e1 apenas uma fase da hist\u00f3ria da humanidade e de nossas vidas em terras p\u00e1trias ou estrangeiras. Feliz Ano Novo ao povo imigrante! Povo forte e guerreiro, que n\u00e3o importa em qual terra esteja, carrega no peito o orgulho de ser brasileiro. A todos\u00a0os nossos leitores e clientes, festas\u00a0boas, pr\u00f3speras e aben\u00e7oadas, um ano novo repleto\u00a0de\u00a0sa\u00fade e realiza\u00e7\u00f5es, s\u00e3o\u00a0os votos\u00a0de toda\u00a0a fam\u00edlia B. Press.<\/p>\n<p>Este texto, escrito pelo jornalista Francisco Sampa, foi publicado no dia 29 de dezembro de 2016. Ele est\u00e1 sendo publicado novamente, pois continua atual e mostra como o mundo gira, mas as coisas est\u00e3o sempre como antes.<\/p>\n","protected":false},"excerpt":{"rendered":"<p>By Francisco Sampa H\u00e1\u00a0quase 365 dias o velho era novo. Cheio de vida e esperan\u00e7a. Nascia cheio de garra para enfrentar o dia a dia e as coisas que viriam pela frente. E foram muitas coisas: alegrias, tristezas, trag\u00e9dias, nascimentos e mortes. Como tudo na vida passa e tem fim, tamb\u00e9m aconteceu com ele e acontecer\u00e1 com todos n\u00f3s.\u00a0\u00c9 um ciclo, uma roda sem fim: nascer, viver, morrer, nascer, viver, morrer e assim \u00e9 com o ano. Os animais, racionais ou n\u00e3o, todos t\u00eam o seu come\u00e7o, meio e fim. \u00c9 um processo necess\u00e1rio para a preserva\u00e7\u00e3o da esp\u00e9cie e [&hellip;]<\/p>\n","protected":false},"author":1,"featured_media":53816,"comment_status":"open","ping_status":"closed","sticky":false,"template":"","format":"standard","meta":{"_links_to":"","_links_to_target":""},"categories":[17,1],"tags":[],"views":1788,"_links":{"self":[{"href":"https:\/\/www.brazilianpress.com\/v1\/wp-json\/wp\/v2\/posts\/53815"}],"collection":[{"href":"https:\/\/www.brazilianpress.com\/v1\/wp-json\/wp\/v2\/posts"}],"about":[{"href":"https:\/\/www.brazilianpress.com\/v1\/wp-json\/wp\/v2\/types\/post"}],"author":[{"embeddable":true,"href":"https:\/\/www.brazilianpress.com\/v1\/wp-json\/wp\/v2\/users\/1"}],"replies":[{"embeddable":true,"href":"https:\/\/www.brazilianpress.com\/v1\/wp-json\/wp\/v2\/comments?post=53815"}],"version-history":[{"count":1,"href":"https:\/\/www.brazilianpress.com\/v1\/wp-json\/wp\/v2\/posts\/53815\/revisions"}],"predecessor-version":[{"id":53817,"href":"https:\/\/www.brazilianpress.com\/v1\/wp-json\/wp\/v2\/posts\/53815\/revisions\/53817"}],"wp:featuredmedia":[{"embeddable":true,"href":"https:\/\/www.brazilianpress.com\/v1\/wp-json\/wp\/v2\/media\/53816"}],"wp:attachment":[{"href":"https:\/\/www.brazilianpress.com\/v1\/wp-json\/wp\/v2\/media?parent=53815"}],"wp:term":[{"taxonomy":"category","embeddable":true,"href":"https:\/\/www.brazilianpress.com\/v1\/wp-json\/wp\/v2\/categories?post=53815"},{"taxonomy":"post_tag","embeddable":true,"href":"https:\/\/www.brazilianpress.com\/v1\/wp-json\/wp\/v2\/tags?post=53815"}],"curies":[{"name":"wp","href":"https:\/\/api.w.org\/{rel}","templated":true}]}}