{"id":53818,"date":"2022-12-30T12:50:25","date_gmt":"2022-12-30T16:50:25","guid":{"rendered":"https:\/\/www.brazilianpress.com\/v1\/?p=53818"},"modified":"2022-12-30T12:50:38","modified_gmt":"2022-12-30T16:50:38","slug":"retrospectiva-2022-principais-acontecimentos-do-ano","status":"publish","type":"post","link":"https:\/\/www.brazilianpress.com\/v1\/2022\/12\/30\/retrospectiva-2022-principais-acontecimentos-do-ano\/","title":{"rendered":"Retrospectiva 2022: Principais acontecimentos do ano"},"content":{"rendered":"<p><strong>Marcado por uma das elei\u00e7\u00f5es mais disputadas da hist\u00f3ria da democracia brasileira, o ano de 2022 tamb\u00e9m ser\u00e1 lembrado pela primeira Copa do Mundo realizada no Oriente M\u00e9dio, pela Guerra entre R\u00fassia e Ucr\u00e2nia e pela morte da Rainha Elizabeth, a mais longeva da hist\u00f3ria, aos 96 anos.<\/strong><\/p>\n<p>Gra\u00e7as \u00e0 vacina\u00e7\u00e3o contra a Covid-19, a popula\u00e7\u00e3o brasileira pode, finalmente, voltar a se abra\u00e7ar. Ap\u00f3s tanta inseguran\u00e7a provocada pela pandemia e de elei\u00e7\u00f5es t\u00e3o polarizadas, que dividiram o pa\u00eds, estamos vivendo um momento de reconstru\u00e7\u00e3o. Mas n\u00e3o devemos esquecer os quase 700 mil mortos no Brasil pela Covid-19 e suas variantes.<\/p>\n<p>A Copa do Catar, que consagrou a Argentina como a campe\u00e3 do mundo pela terceira vez, tamb\u00e9m \u00e9 lembrada por manifesta\u00e7\u00f5es de jogadores e torcedores pela diversidade e inclus\u00e3o. A Sele\u00e7\u00e3o Brasileira foi eliminada nas quartas de final pela Cro\u00e1cia e ainda n\u00e3o foi dessa vez que conquistou sua sexta estrela no futebol.<\/p>\n<p>As not\u00edcias internacionais tamb\u00e9m deixaram o mundo apreensivo. Logo no in\u00edcio do ano, o conflito entre R\u00fassia e Ucr\u00e2nia deu in\u00edcio \u00e0 maior crise de refugiados na Europa desde a Segunda Guerra Mundial e cerca de 7,5 milh\u00f5es de pessoas j\u00e1 deixaram a Ucr\u00e2nia. Os brit\u00e2nicos choraram, por dias, a morte do maior s\u00edmbolo da Fam\u00edlia Real: ap\u00f3s 70 anos de reinado, Elizabeth II morreu aos 96 anos. A como\u00e7\u00e3o foi mundial e o funeral s\u00f3 ocorreu 11 dias ap\u00f3s a morte da monarca.<\/p>\n<p>J\u00e1 o Brasil passou por mais um processo eleitoral, onde os cidad\u00e3os elegeram os governantes que v\u00e3o representar o povo nos pr\u00f3ximos quatro anos. O pleito de 2022 ficou conhecido como um dos mais disputados das \u00faltimas d\u00e9cadas. Algumas cidades brasileiras novamente foram castigadas pelas enchentes \u2013 Petr\u00f3polis, na Regi\u00e3o Serrana do Rio de Janeiro, foi uma delas, e mais de 240 pessoas morreram. Estados como Minas Gerais e Pernambuco tamb\u00e9m sofreram este ano com as fortes chuvas.<\/p>\n<p>Vai lembrar ainda o assassinato do indigenista brasileiro Bruno Pereira e o jornalista brit\u00e2nico Dom Phillips. Eles foram mortos durante uma viagem pelo Vale do Javari, na Amaz\u00f4nia, uma das maiores \u00e1reas ind\u00edgenas do Brasil.<\/p>\n","protected":false},"excerpt":{"rendered":"<p>Marcado por uma das elei\u00e7\u00f5es mais disputadas da hist\u00f3ria da democracia brasileira, o ano de 2022 tamb\u00e9m ser\u00e1 lembrado pela primeira Copa do Mundo realizada no Oriente M\u00e9dio, pela Guerra entre R\u00fassia e Ucr\u00e2nia e pela morte da Rainha Elizabeth, a mais longeva da hist\u00f3ria, aos 96 anos. Gra\u00e7as \u00e0 vacina\u00e7\u00e3o contra a Covid-19, a popula\u00e7\u00e3o brasileira pode, finalmente, voltar a se abra\u00e7ar. Ap\u00f3s tanta inseguran\u00e7a provocada pela pandemia e de elei\u00e7\u00f5es t\u00e3o polarizadas, que dividiram o pa\u00eds, estamos vivendo um momento de reconstru\u00e7\u00e3o. Mas n\u00e3o devemos esquecer os quase 700 mil mortos no Brasil pela Covid-19 e suas variantes. [&hellip;]<\/p>\n","protected":false},"author":1,"featured_media":53819,"comment_status":"open","ping_status":"closed","sticky":false,"template":"","format":"standard","meta":{"_links_to":"","_links_to_target":""},"categories":[4,3,1],"tags":[],"views":1623,"_links":{"self":[{"href":"https:\/\/www.brazilianpress.com\/v1\/wp-json\/wp\/v2\/posts\/53818"}],"collection":[{"href":"https:\/\/www.brazilianpress.com\/v1\/wp-json\/wp\/v2\/posts"}],"about":[{"href":"https:\/\/www.brazilianpress.com\/v1\/wp-json\/wp\/v2\/types\/post"}],"author":[{"embeddable":true,"href":"https:\/\/www.brazilianpress.com\/v1\/wp-json\/wp\/v2\/users\/1"}],"replies":[{"embeddable":true,"href":"https:\/\/www.brazilianpress.com\/v1\/wp-json\/wp\/v2\/comments?post=53818"}],"version-history":[{"count":1,"href":"https:\/\/www.brazilianpress.com\/v1\/wp-json\/wp\/v2\/posts\/53818\/revisions"}],"predecessor-version":[{"id":53820,"href":"https:\/\/www.brazilianpress.com\/v1\/wp-json\/wp\/v2\/posts\/53818\/revisions\/53820"}],"wp:featuredmedia":[{"embeddable":true,"href":"https:\/\/www.brazilianpress.com\/v1\/wp-json\/wp\/v2\/media\/53819"}],"wp:attachment":[{"href":"https:\/\/www.brazilianpress.com\/v1\/wp-json\/wp\/v2\/media?parent=53818"}],"wp:term":[{"taxonomy":"category","embeddable":true,"href":"https:\/\/www.brazilianpress.com\/v1\/wp-json\/wp\/v2\/categories?post=53818"},{"taxonomy":"post_tag","embeddable":true,"href":"https:\/\/www.brazilianpress.com\/v1\/wp-json\/wp\/v2\/tags?post=53818"}],"curies":[{"name":"wp","href":"https:\/\/api.w.org\/{rel}","templated":true}]}}