{"id":53906,"date":"2023-01-07T11:45:22","date_gmt":"2023-01-07T15:45:22","guid":{"rendered":"https:\/\/www.brazilianpress.com\/v1\/?p=53906"},"modified":"2023-01-07T11:45:22","modified_gmt":"2023-01-07T15:45:22","slug":"congressista-dos-eua-filho-de-brasileiros-tem-reaberto-processo-no-rj","status":"publish","type":"post","link":"https:\/\/www.brazilianpress.com\/v1\/2023\/01\/07\/congressista-dos-eua-filho-de-brasileiros-tem-reaberto-processo-no-rj\/","title":{"rendered":"Congressista dos EUA filho de brasileiros tem reaberto processo no RJ"},"content":{"rendered":"<p><strong>O Minist\u00e9rio P\u00fablico do Rio de Janeiro (MPRJ) anunciou, na quarta-feira (4), a reabertura de uma antiga investiga\u00e7\u00e3o por estelionato contra George Santos, um congressista americano de origem brasileira, j\u00e1 sob press\u00e3o por ter mentido sobre seu curr\u00edculo.<\/strong><\/p>\n<p>A elei\u00e7\u00e3o em 2022 de Santos, de 34 anos, ajudou o Partido Republicano a garantir uma maioria estreita sobre os democratas na C\u00e2mara dos Representantes dos Estados Unidos, ao conquistar uma cadeira pelo condado de Nassau, em Long Island, a leste de New York.<\/p>\n<p>Filho de imigrantes brasileiros e nascido nos Estados Unidos, ele \u00e9 acusado no Brasil de ter usado um tal\u00e3o de cheques roubado para fazer compras de mais de dois mil reais em uma loja em 2008, segundo a imprensa brasileira.<\/p>\n<p>&#8220;O Minist\u00e9rio P\u00fablico do Rio de Janeiro solicitou a reabertura do processo&#8221;, informou o \u00f3rg\u00e3o em e-mail \u00e0 AFP. O caso havia sido arquivado porque os investigadores n\u00e3o conseguiram localizar Santos.<\/p>\n<p>Mas \u201co r\u00e9u foi eleito deputado nos Estados Unidos da Am\u00e9rica e, portanto, tem endere\u00e7o certo, o que vai possibilitar sua cita\u00e7\u00e3o e a reabertura do processo\u201d, explicou o MPRJ, que informou que n\u00e3o pode determinar se Santos tem cidadania brasileira.<\/p>\n<p>A institui\u00e7\u00e3o tamb\u00e9m disse que pediu na ter\u00e7a-feira a reabertura do processo em uma vara criminal de Niter\u00f3i, cidade onde teria ocorrido o suposto crime.<\/p>\n<p>Santos pode pegar at\u00e9 cinco anos de pris\u00e3o se for condenado no Brasil, que tem um tratado de extradi\u00e7\u00e3o com os Estados Unidos, mas os promotores disseram que por ser sua primeira acusa\u00e7\u00e3o ele poderia optar por uma pena alternativa, como servi\u00e7o comunit\u00e1rio.<\/p>\n<p>A princ\u00edpio, Santos n\u00e3o respondeu aos pedidos de coment\u00e1rios da AFP.<\/p>\n<p>A reabertura do caso no Brasil \u00e9 um novo golpe para o pol\u00edtico, que j\u00e1 enfrenta uma investiga\u00e7\u00e3o criminal em New York por mentir sobre sua forma\u00e7\u00e3o e experi\u00eancias profissionais.<\/p>\n<p>O caso havia sido descoberto ap\u00f3s a publica\u00e7\u00e3o de uma reportagem no jornal The New York Times, que revelou que Santos havia mentido sobre ter se formado na universidade, assim como ter trabalhado no Goldman Sachs e no Citigroup.<\/p>\n<p>Santos acabou confessando ter mentido e se desculpou por &#8220;embelezar&#8221; seu curr\u00edculo.<\/p>\n<p>Al\u00e9m disso, outra reportagem do The New York Times levantou d\u00favidas sobre como Santos conseguiu fornecer 700 mil d\u00f3lares para sua campanha, ap\u00f3s declarar em 2020 que ganhava 55 mil por ano.<\/p>\n<p>V\u00e1rios democratas exigiram que a lideran\u00e7a republicana na C\u00e2mara dos Representantes convocasse uma vota\u00e7\u00e3o para expulsar Santos se ele n\u00e3o renunciar.<\/p>\n","protected":false},"excerpt":{"rendered":"<p>O Minist\u00e9rio P\u00fablico do Rio de Janeiro (MPRJ) anunciou, na quarta-feira (4), a reabertura de uma antiga investiga\u00e7\u00e3o por estelionato contra George Santos, um congressista americano de origem brasileira, j\u00e1 sob press\u00e3o por ter mentido sobre seu curr\u00edculo. A elei\u00e7\u00e3o em 2022 de Santos, de 34 anos, ajudou o Partido Republicano a garantir uma maioria estreita sobre os democratas na C\u00e2mara dos Representantes dos Estados Unidos, ao conquistar uma cadeira pelo condado de Nassau, em Long Island, a leste de New York. Filho de imigrantes brasileiros e nascido nos Estados Unidos, ele \u00e9 acusado no Brasil de ter usado um [&hellip;]<\/p>\n","protected":false},"author":1,"featured_media":53907,"comment_status":"open","ping_status":"closed","sticky":false,"template":"","format":"standard","meta":{"_links_to":"","_links_to_target":""},"categories":[7,3,1],"tags":[],"views":706,"_links":{"self":[{"href":"https:\/\/www.brazilianpress.com\/v1\/wp-json\/wp\/v2\/posts\/53906"}],"collection":[{"href":"https:\/\/www.brazilianpress.com\/v1\/wp-json\/wp\/v2\/posts"}],"about":[{"href":"https:\/\/www.brazilianpress.com\/v1\/wp-json\/wp\/v2\/types\/post"}],"author":[{"embeddable":true,"href":"https:\/\/www.brazilianpress.com\/v1\/wp-json\/wp\/v2\/users\/1"}],"replies":[{"embeddable":true,"href":"https:\/\/www.brazilianpress.com\/v1\/wp-json\/wp\/v2\/comments?post=53906"}],"version-history":[{"count":1,"href":"https:\/\/www.brazilianpress.com\/v1\/wp-json\/wp\/v2\/posts\/53906\/revisions"}],"predecessor-version":[{"id":53908,"href":"https:\/\/www.brazilianpress.com\/v1\/wp-json\/wp\/v2\/posts\/53906\/revisions\/53908"}],"wp:featuredmedia":[{"embeddable":true,"href":"https:\/\/www.brazilianpress.com\/v1\/wp-json\/wp\/v2\/media\/53907"}],"wp:attachment":[{"href":"https:\/\/www.brazilianpress.com\/v1\/wp-json\/wp\/v2\/media?parent=53906"}],"wp:term":[{"taxonomy":"category","embeddable":true,"href":"https:\/\/www.brazilianpress.com\/v1\/wp-json\/wp\/v2\/categories?post=53906"},{"taxonomy":"post_tag","embeddable":true,"href":"https:\/\/www.brazilianpress.com\/v1\/wp-json\/wp\/v2\/tags?post=53906"}],"curies":[{"name":"wp","href":"https:\/\/api.w.org\/{rel}","templated":true}]}}