{"id":53914,"date":"2023-01-07T11:54:03","date_gmt":"2023-01-07T15:54:03","guid":{"rendered":"https:\/\/www.brazilianpress.com\/v1\/?p=53914"},"modified":"2023-01-07T11:54:03","modified_gmt":"2023-01-07T15:54:03","slug":"apos-feriados-escolas-de-new-jersey-retomam-o-uso-obrigatorio-de-mascaras","status":"publish","type":"post","link":"https:\/\/www.brazilianpress.com\/v1\/2023\/01\/07\/apos-feriados-escolas-de-new-jersey-retomam-o-uso-obrigatorio-de-mascaras\/","title":{"rendered":"Ap\u00f3s feriados escolas de New Jersey retomam o uso obrigat\u00f3rio de m\u00e1scaras"},"content":{"rendered":"<p><strong>Ap\u00f3s o feriado, v\u00e1rias escolas de New Jersey est\u00e3o retomando as medidas relacionadas ao COVID-19 para retardar e impedir a propaga\u00e7\u00e3o do v\u00edrus. Por esse motivo, os distritos escolares de Passaic, Paterson e Camden retomaram o uso obrigat\u00f3rio de m\u00e1scaras para alunos, professores, funcion\u00e1rios e pessoas que visitam os pr\u00e9dios escolares para o in\u00edcio deste 2023.<\/strong><\/p>\n<p>Os funcion\u00e1rios do distrito escolar de Paterson anunciaram em 29 de dezembro que o uso de m\u00e1scara universal retorna a partir de 3 de janeiro. A superintendente escolar Eileen Shafer notificou os pais e funcion\u00e1rios em uma carta de 22 de dezembro citando o aumento de casos de COVID-19, v\u00edrus sincicial respirat\u00f3rio (RSV) e gripe no condado de New York. Passaic como base para sua decis\u00e3o. Shafer tamb\u00e9m observou que tomou a decis\u00e3o ap\u00f3s consultar o Diretor de Sa\u00fade da cidade de Paterson, Dr. Paul Persaud.<\/p>\n<p>Os alunos ser\u00e3o obrigados a usar m\u00e1scaras desde o momento em que entram no pr\u00e9dio at\u00e9 o momento em que saem do pr\u00e9dio, de acordo com Shafer.\u00a0Ser\u00e3o disponibilizadas m\u00e1scaras para quem comparecer sem.\u00a0EPI ser\u00e1 fornecido \u00e0s escolas para as necessidades dos alunos e funcion\u00e1rios.<\/p>\n<p>Os alunos s\u00f3 podem remover suas m\u00e1scaras quando estiverem comendo, bebendo ou tomando rem\u00e9dios. Qualquer visitante nas escolas tamb\u00e9m deve aderir ao requisito de m\u00e1scara. O Distrito Escolar de Passaic, um dos maiores em New Jersey,\u00a0restabeleceu a obrigatoriedade do uso de m\u00e1scara em 21 de dezembro para alunos, professores, funcion\u00e1rios e visitantes em todas as instala\u00e7\u00f5es do distrito escolar, pr\u00e9dios escolares.<\/p>\n<p>O an\u00fancio foi feito pela superintendente do distrito escolar Sandra M. Diodonet\u00a0como\u00a0parte de uma pol\u00edtica do conselho escolar de que durante os per\u00edodos de pico de atividade do COVID-19, como feriados de Natal e Ano Novo, o uso obrigat\u00f3rio de m\u00e1scaras deve ser estabelecido.\u00a0A pol\u00edtica faz parte das diretrizes relacionadas ao COVID-19 do Departamento de Sa\u00fade de New Jersey.<\/p>\n<p>O mandato ser\u00e1 suspenso quando os n\u00edveis de transmiss\u00e3o no condado de Passaic estiverem na faixa moderada ou abaixo, disse Diodonet. Enquanto isso, alunos e funcion\u00e1rios das escolas de Camden City ser\u00e3o obrigados a usar m\u00e1scaras por duas semanas, de 3 a 17 de janeiro.\u00a0Isso se deve ao aumento de casos de COVID-19, gripe e VSR.<\/p>\n<p>&#8220;Ao retornar, o CCSD implementar\u00e1 uma pol\u00edtica de m\u00e1scara obrigat\u00f3ria de duas semanas at\u00e9 17 de janeiro de 2023 para todos os alunos, funcion\u00e1rios e qualquer pessoa que entrar em nossos pr\u00e9dios. NJDOH j\u00e1 relatou um aumento nos casos de COVID, gripe e casos de RSV. Portanto, em um esfor\u00e7o para ser proativo e permanecer vigilante, todas as escolas e escrit\u00f3rios operar\u00e3o sob um curto mandato de m\u00e1scara ap\u00f3s a reabertura &#8220;, disse a superintendente do distrito estadual Katrina T. Mccombs em um comunicado.<\/p>\n","protected":false},"excerpt":{"rendered":"<p>Ap\u00f3s o feriado, v\u00e1rias escolas de New Jersey est\u00e3o retomando as medidas relacionadas ao COVID-19 para retardar e impedir a propaga\u00e7\u00e3o do v\u00edrus. Por esse motivo, os distritos escolares de Passaic, Paterson e Camden retomaram o uso obrigat\u00f3rio de m\u00e1scaras para alunos, professores, funcion\u00e1rios e pessoas que visitam os pr\u00e9dios escolares para o in\u00edcio deste 2023. Os funcion\u00e1rios do distrito escolar de Paterson anunciaram em 29 de dezembro que o uso de m\u00e1scara universal retorna a partir de 3 de janeiro. A superintendente escolar Eileen Shafer notificou os pais e funcion\u00e1rios em uma carta de 22 de dezembro citando o [&hellip;]<\/p>\n","protected":false},"author":1,"featured_media":53915,"comment_status":"open","ping_status":"closed","sticky":false,"template":"","format":"standard","meta":{"_links_to":"","_links_to_target":""},"categories":[4,1],"tags":[],"views":672,"_links":{"self":[{"href":"https:\/\/www.brazilianpress.com\/v1\/wp-json\/wp\/v2\/posts\/53914"}],"collection":[{"href":"https:\/\/www.brazilianpress.com\/v1\/wp-json\/wp\/v2\/posts"}],"about":[{"href":"https:\/\/www.brazilianpress.com\/v1\/wp-json\/wp\/v2\/types\/post"}],"author":[{"embeddable":true,"href":"https:\/\/www.brazilianpress.com\/v1\/wp-json\/wp\/v2\/users\/1"}],"replies":[{"embeddable":true,"href":"https:\/\/www.brazilianpress.com\/v1\/wp-json\/wp\/v2\/comments?post=53914"}],"version-history":[{"count":1,"href":"https:\/\/www.brazilianpress.com\/v1\/wp-json\/wp\/v2\/posts\/53914\/revisions"}],"predecessor-version":[{"id":53916,"href":"https:\/\/www.brazilianpress.com\/v1\/wp-json\/wp\/v2\/posts\/53914\/revisions\/53916"}],"wp:featuredmedia":[{"embeddable":true,"href":"https:\/\/www.brazilianpress.com\/v1\/wp-json\/wp\/v2\/media\/53915"}],"wp:attachment":[{"href":"https:\/\/www.brazilianpress.com\/v1\/wp-json\/wp\/v2\/media?parent=53914"}],"wp:term":[{"taxonomy":"category","embeddable":true,"href":"https:\/\/www.brazilianpress.com\/v1\/wp-json\/wp\/v2\/categories?post=53914"},{"taxonomy":"post_tag","embeddable":true,"href":"https:\/\/www.brazilianpress.com\/v1\/wp-json\/wp\/v2\/tags?post=53914"}],"curies":[{"name":"wp","href":"https:\/\/api.w.org\/{rel}","templated":true}]}}