{"id":53920,"date":"2023-01-08T10:51:51","date_gmt":"2023-01-08T14:51:51","guid":{"rendered":"https:\/\/www.brazilianpress.com\/v1\/?p=53920"},"modified":"2023-01-08T10:51:51","modified_gmt":"2023-01-08T14:51:51","slug":"biden-chega-ao-mexico-com-proposta-de-imigracao-e-busca-deter-os-estragos-do-narcotrafico","status":"publish","type":"post","link":"https:\/\/www.brazilianpress.com\/v1\/2023\/01\/08\/biden-chega-ao-mexico-com-proposta-de-imigracao-e-busca-deter-os-estragos-do-narcotrafico\/","title":{"rendered":"Biden chega ao M\u00e9xico com proposta de imigra\u00e7\u00e3o e busca deter os estragos do narcotr\u00e1fico"},"content":{"rendered":"<p><strong>O presidente americano, Joe Biden, chega ao M\u00e9xico, neste domingo 8, com uma proposta para aliviar a crise migrat\u00f3ria -seu calcanhar de Aquiles- e a urg\u00eancia de conter as consequ\u00eancias do tr\u00e1fico de drogas nos Estados Unidos. Biden chegar\u00e1 de El Paso, estado do Texas (sul), um gesto aos seus advers\u00e1rios que o repreendem por n\u00e3o ter pisado na fronteira de 3.100 quil\u00f4metros em dois anos de governo.<\/strong><\/p>\n<p>Cerca de 2,3 milh\u00f5es de pris\u00f5es e expuls\u00f5es de migrantes sem documentos no ano fiscal de 2022; 108 mil mortes por overdose de drogas em 2021: migra\u00e7\u00e3o e narcotr\u00e1fico estar\u00e3o no centro do encontro entre Biden e seu hom\u00f3logo mexicano, o esquerdista Andr\u00e9s Manuel L\u00f3pez Obrador, nesta segunda-feira na Cidade do M\u00e9xico.<\/p>\n<p><img src=\"https:\/\/www.liderempresarial.com\/wp-content\/uploads\/2023\/01\/Biden-Mexico-AMLO.jpg\" alt=\"Biden en M\u00e9xico: Cu\u00e1ndo y a d\u00f3nde llega, d\u00f3nde se hospeda y todo lo que  debes saber\" \/><\/p>\n<p>Na ter\u00e7a-feira, os l\u00edderes realizar\u00e3o a C\u00fapula dos L\u00edderes da Am\u00e9rica do Norte juntamente com o primeiro-ministro canadense Justin Trudeau. \u201cO M\u00e9xico \u00e9 particularmente relevante quando se trata de lidar com ambos os graves problemas, que se tornaram vulnerabilidades pol\u00edticas para Biden\u201d, disse \u00e0 AFP Michael Shifter, presidente do think tank Di\u00e1logo Interamericano. A quest\u00e3o da imigra\u00e7\u00e3o pode se tornar um obst\u00e1culo para Biden se ele decidir se reeleger em 2024.<\/p>\n<p>Antes de viajar para El Paso, ele anunciou um programa migrat\u00f3rio limitado a quatro pa\u00edses: Cuba, Haiti, Nicar\u00e1gua e Venezuela, mergulhados em profunda crise, embora o fluxo incessante afete v\u00e1rias na\u00e7\u00f5es. A entrada mensal de at\u00e9 30 mil pessoas ser\u00e1 permitida por dois anos. A medida ser\u00e1 dificilmente um paliativo, reconhece Biden, que culpa os republicanos por bloquearem um plano mais ambicioso. Mas sem um plano robusto para os refugiados, \u201cessas novas medidas apenas colocar\u00e3o os requerentes de asilo em situa\u00e7\u00f5es perigosas\u201d, alertou a ONG Comit\u00ea Internacional de Resgate.<\/p>\n<p><strong>Droga mortal<\/strong><\/p>\n<p>O encontro bilateral Biden-AMLO tamb\u00e9m ser\u00e1 marcado pela trag\u00e9dia do fentanil, uma droga sint\u00e9tica 50 vezes mais potente que a hero\u00edna, cuja produ\u00e7\u00e3o e tr\u00e1fico s\u00e3o controlados por cart\u00e9is mexicanos com componentes qu\u00edmicos da China, segundo a DEA, a ag\u00eancia antidrogas dos EUA. Quase dois ter\u00e7os das 108.000 mortes por overdose nos EUA em 2021 envolveram opioides sint\u00e9ticos. A quantidade de fentanil apreendida somente em 2022 seria mais do que suficiente para matar toda a popula\u00e7\u00e3o dos Estados Unidos, diz a ag\u00eancia. Por isso, Biden busca \u201campliar o interc\u00e2mbio de informa\u00e7\u00f5es\u201d com o M\u00e9xico \u00a0e \u201cfortalecer a preven\u00e7\u00e3o\u201d, afirmou o chefe da diplomacia dos EUA para a Am\u00e9rica Latina, Brian Nichols. A mudan\u00e7a clim\u00e1tica tamb\u00e9m estar\u00e1 sobre a mesa, depois que os dois pa\u00edses anunciaram na COP27 um projeto de energia renov\u00e1vel que exigir\u00e1 48 bilh\u00f5es de d\u00f3lares de investimento e no qual o M\u00e9xico prometeu expandir suas metas de redu\u00e7\u00e3o de gases de efeito estufa at\u00e9 2030.<\/p>\n<p>\/\/ Carta Capital.<\/p>\n","protected":false},"excerpt":{"rendered":"<p>O presidente americano, Joe Biden, chega ao M\u00e9xico, neste domingo 8, com uma proposta para aliviar a crise migrat\u00f3ria -seu calcanhar de Aquiles- e a urg\u00eancia de conter as consequ\u00eancias do tr\u00e1fico de drogas nos Estados Unidos. Biden chegar\u00e1 de El Paso, estado do Texas (sul), um gesto aos seus advers\u00e1rios que o repreendem por n\u00e3o ter pisado na fronteira de 3.100 quil\u00f4metros em dois anos de governo. Cerca de 2,3 milh\u00f5es de pris\u00f5es e expuls\u00f5es de migrantes sem documentos no ano fiscal de 2022; 108 mil mortes por overdose de drogas em 2021: migra\u00e7\u00e3o e narcotr\u00e1fico estar\u00e3o no centro [&hellip;]<\/p>\n","protected":false},"author":1,"featured_media":53921,"comment_status":"open","ping_status":"closed","sticky":false,"template":"","format":"standard","meta":{"_links_to":"","_links_to_target":""},"categories":[3,1,10],"tags":[],"views":697,"_links":{"self":[{"href":"https:\/\/www.brazilianpress.com\/v1\/wp-json\/wp\/v2\/posts\/53920"}],"collection":[{"href":"https:\/\/www.brazilianpress.com\/v1\/wp-json\/wp\/v2\/posts"}],"about":[{"href":"https:\/\/www.brazilianpress.com\/v1\/wp-json\/wp\/v2\/types\/post"}],"author":[{"embeddable":true,"href":"https:\/\/www.brazilianpress.com\/v1\/wp-json\/wp\/v2\/users\/1"}],"replies":[{"embeddable":true,"href":"https:\/\/www.brazilianpress.com\/v1\/wp-json\/wp\/v2\/comments?post=53920"}],"version-history":[{"count":1,"href":"https:\/\/www.brazilianpress.com\/v1\/wp-json\/wp\/v2\/posts\/53920\/revisions"}],"predecessor-version":[{"id":53922,"href":"https:\/\/www.brazilianpress.com\/v1\/wp-json\/wp\/v2\/posts\/53920\/revisions\/53922"}],"wp:featuredmedia":[{"embeddable":true,"href":"https:\/\/www.brazilianpress.com\/v1\/wp-json\/wp\/v2\/media\/53921"}],"wp:attachment":[{"href":"https:\/\/www.brazilianpress.com\/v1\/wp-json\/wp\/v2\/media?parent=53920"}],"wp:term":[{"taxonomy":"category","embeddable":true,"href":"https:\/\/www.brazilianpress.com\/v1\/wp-json\/wp\/v2\/categories?post=53920"},{"taxonomy":"post_tag","embeddable":true,"href":"https:\/\/www.brazilianpress.com\/v1\/wp-json\/wp\/v2\/tags?post=53920"}],"curies":[{"name":"wp","href":"https:\/\/api.w.org\/{rel}","templated":true}]}}