{"id":53923,"date":"2023-01-08T16:10:10","date_gmt":"2023-01-08T20:10:10","guid":{"rendered":"https:\/\/www.brazilianpress.com\/v1\/?p=53923"},"modified":"2023-01-08T16:10:10","modified_gmt":"2023-01-08T20:10:10","slug":"urgente-bolsonaristas-invadem-o-congresso-planalto-e-stf-em-manifestacao-antidemocratica","status":"publish","type":"post","link":"https:\/\/www.brazilianpress.com\/v1\/2023\/01\/08\/urgente-bolsonaristas-invadem-o-congresso-planalto-e-stf-em-manifestacao-antidemocratica\/","title":{"rendered":"Urgente: Bolsonaristas invadem o Congresso, Planalto e STF em manifesta\u00e7\u00e3o antidemocr\u00e1tica"},"content":{"rendered":"<p><strong>Aos gritos de \u201cfaxina geral\u201d e ao som do Hino Nacional, bolsonaristas ocuparam a Esplanada dos Minist\u00e9rios, na tarde deste domingo (8\/1), em protesto contra a vit\u00f3ria de Luiz In\u00e1cio Lula da Silva (PT) nas elei\u00e7\u00f5es 2022.<\/strong><\/p>\n<p>Por volta das 14h40, extremistas invadiram o Congresso Nacional sob uma chuva de bombas de g\u00e1s lacrimog\u00eanio. Em seguida, conseguiram passar pelas barricadas da Pol\u00edcia Militar do Distrito Federal e entrar no Pal\u00e1cio do Planalto, sede da Presid\u00eancia da Rep\u00fablica.<\/p>\n<p><img src=\"https:\/\/uploads.metropoles.com\/wp-content\/uploads\/2023\/01\/08151517\/Bolsonaristas-sobem-a-rampa-do-Palacio-do-Planalto.jpg\" alt=\"Bolsonaristas sobem a rampa do Pal\u00e1cio do Planalto\" \/><\/p>\n<p>Por volta das 14h40, extremistas invadiram o Congresso Nacional sob uma chuva de bombas de g\u00e1s lacrimog\u00eanio. Em seguida, conseguiram passar pelas barricadas da Pol\u00edcia Militar do Distrito Federal e entrar no Pal\u00e1cio do Planalto, sede da Presid\u00eancia da Rep\u00fablica. <span style=\"color: #993300;\"><strong>Assista ao v\u00eddeo do quebra quebra:<\/strong><\/span><\/p>\n<div class=\"mnmd-responsive-video\"><iframe loading=\"lazy\" title=\"Bolsonaristas entram no Planalto e promovem quebra quebra\" width=\"1200\" height=\"675\" src=\"https:\/\/www.youtube.com\/embed\/ZYA-u3U12fw?feature=oembed\" frameborder=\"0\" allow=\"accelerometer; autoplay; clipboard-write; encrypted-media; gyroscope; picture-in-picture; web-share\" allowfullscreen><\/iframe><\/div>\n<p>O \u00faltimo alvo dos manifestantes extremistas foi o Supremo Tribunal Federal (STF). O pr\u00e9dio do \u00f3rg\u00e3o do Judici\u00e1rio foi invadido por volta das 15h45. \u201cDeus est\u00e1 do nosso lado e vai jogar todo o g\u00e1s pra eles de volta\u201d, disse um dos manifestantes enquanto tentava invadir a Corte. \u201cA pol\u00edcia est\u00e1 com n\u00f3s. A PM liberou para gente ficar aqui\u201d, afirmou um bolsonarista. Para invadir os pr\u00e9dios do Legislativo, Executivo e Judici\u00e1rio, os manifestantes partiram para cima dos agentes da PM que faziam o isolamento dos pr\u00e9dios p\u00fablicos.<\/p>\n<p><strong>O roteiro da invas\u00e3o<\/strong><\/p>\n<p>O maior grupo de manifestantes partiu do quartel-general do Ex\u00e9rcito, em Bras\u00edlia, rumo \u00e0 Esplanada dos Minist\u00e9rios por volta das 13h30. Alguns dos bolsonaristas foram \u00e0 regi\u00e3o central da capital da Rep\u00fablica com peda\u00e7os de pau na m\u00e3o. \u201cVamos Bras\u00edlia, derrubar o Congresso\u201d, inflamou um dos \u201cpatriotas\u201d. J\u00e1 na altura do Est\u00e1dio Nacional Man\u00e9 Garrincha, um caminh\u00e3o com ambulante (foto na galeria acima) ofereceu \u00e1gua aos bolsonaristas, que recusaram e chamaram o vendedor de \u201cpetista\u201d. \u201cN\u00e3o compre \u00e1gua dele, ele \u00e9 petista\u201d, gritou um manifestante.<\/p>\n<p><img src=\"https:\/\/uploads.metropoles.com\/wp-content\/uploads\/2023\/01\/08160738\/apoiadores-do-ex-presidente-jair-bolsonaro-patriotas-invadem-STF-para-protestar-contra-o-resultado-das-urnas-4-1024x768.jpeg\" \/><\/p>\n<p>Agentes da Pol\u00edcia Militar do Distrito Federal (PMDF) pararam parte dos extremistas que estavam armados e come\u00e7aram a revist\u00e1-los. Algumas pessoas carregavam armas brancas. Havia manifestantes portando m\u00e1scaras de g\u00e1s, j\u00e1 prevendo eventual confronto com policiais. Ao passarem pr\u00f3ximos aos hot\u00e9is do Setor Hoteleiro Norte, h\u00f3spedes balan\u00e7aram bandeiras em apoio a Lula e receberam gritos de \u201cLula ladr\u00e3o, seu lugar \u00e9 na pris\u00e3o\u201d. A pol\u00edcia precisou interromper o tr\u00e2nsito de duas faixas do Eixo Monumental, sentido Rodovi\u00e1ria, para garantir a seguran\u00e7a dos protestantes. Ainda no in\u00edcio da Esplanada, na altura da L2, a Pol\u00edcia Militar revistou uma grande quantidade do p\u00fablico.<\/p>\n<p><img src=\"https:\/\/uploads.metropoles.com\/wp-content\/uploads\/2023\/01\/08144021\/bolsonaristas-manifestacao-revista-3.jpg\" \/><\/p>\n<p><strong>Seguran\u00e7a refor\u00e7ada em Bras\u00edlia<\/strong><\/p>\n<p>Bras\u00edlia amanheceu neste domingo (8\/1) com policiamento refor\u00e7ado. O maior fluxo de for\u00e7as de seguran\u00e7a se encontra nas proximidades da Esplanada dos Minist\u00e9rios, onde est\u00e1 prevista uma manifesta\u00e7\u00e3o contra o presidente Luiz In\u00e1cio Lula da Silva (PT). Tropas da Pol\u00edcia Militar do Distrito Federal (PMDF) e membros da For\u00e7a Nacional de Seguran\u00e7a guardam o local, em caso da presen\u00e7a de extremistas.<\/p>\n<p><img src=\"https:\/\/uploads.metropoles.com\/wp-content\/uploads\/2023\/01\/08160732\/apoiadores-do-ex-presidente-jair-bolsonaro-patriotas-invadem-STF-para-protestar-contra-o-resultado-das-urnas-3-1024x768.jpeg\" \/><\/p>\n<p>Um novo grupo de manifestantes bolsonaristas chegou ao Quartel General do Ex\u00e9rcito de Bras\u00edlia neste domingo. Em pequenos grupos e duplas, os descontentes com o presidente petista est\u00e3o descendo para a Esplanada. H\u00e1, ainda, uma concentra\u00e7\u00e3o de pessoas perto do Minist\u00e9rio da Sa\u00fade e do Itamaraty.<\/p>\n<p><img src=\"https:\/\/uploads.metropoles.com\/wp-content\/uploads\/2023\/01\/08160725\/apoiadores-do-ex-presidente-jair-bolsonaro-patriotas-invadem-STF-para-protestar-contra-o-resultado-das-urnas-2-1024x768.jpeg\" \/><\/p>\n<p><strong>Convite para as manifesta\u00e7\u00f5es<\/strong><\/p>\n<p>Ao longo da \u00faltima semana, bolsonaristas convocaram um ato na capital da Rep\u00fablica, s\u00f3 que sem aval da Seguran\u00e7a P\u00fablica do DF. De qualquer forma, o governador do DF, Ibaneis Rocha (MDB), disse no s\u00e1bado (7\/1) \u00e0 coluna Grande Angular, que as manifesta\u00e7\u00f5es est\u00e3o liberadas desde que ocorram de maneira \u201cpac\u00edfica\u201d.<\/p>\n<p><img src=\"https:\/\/uploads.metropoles.com\/wp-content\/uploads\/2023\/01\/08134331\/manifestacao-bolsonaristas-3.jpg\" \/><\/p>\n<p>Neste domingo (8\/1), o ministro da Justi\u00e7a, Fl\u00e1vio Dino, escreveu, em seu perfil no Twitter, esperar que n\u00e3o ocorram atos violentos, para que a pol\u00edcia n\u00e3o precise agir. No s\u00e1bado (8\/1), Dino j\u00e1 havia publicado que n\u00e3o permitiria a realiza\u00e7\u00e3o de uma \u201cguerra\u201d. O ex-governador do Maranh\u00e3o ainda afirmou que j\u00e1 entrou em contato com o ministro da Defesa, Jos\u00e9 M\u00facio, e o governador do Distrito Federal, Ibaneis Rocha (MDB). Al\u00e9m dos diretores-gerais da Pol\u00edcia Federal (PF), Andrei Rodrigues e, da Pol\u00edcia Rodovi\u00e1ria Federal (PRF), Ant\u00f4nio Fernando Oliveira.<\/p>\n<p><img src=\"https:\/\/uploads.metropoles.com\/wp-content\/uploads\/2023\/01\/08143946\/bolsonaristas-manifestacao-revista-4.jpg\" \/><\/p>\n","protected":false},"excerpt":{"rendered":"<p>Aos gritos de \u201cfaxina geral\u201d e ao som do Hino Nacional, bolsonaristas ocuparam a Esplanada dos Minist\u00e9rios, na tarde deste domingo (8\/1), em protesto contra a vit\u00f3ria de Luiz In\u00e1cio Lula da Silva (PT) nas elei\u00e7\u00f5es 2022. Por volta das 14h40, extremistas invadiram o Congresso Nacional sob uma chuva de bombas de g\u00e1s lacrimog\u00eanio. Em seguida, conseguiram passar pelas barricadas da Pol\u00edcia Militar do Distrito Federal e entrar no Pal\u00e1cio do Planalto, sede da Presid\u00eancia da Rep\u00fablica. Por volta das 14h40, extremistas invadiram o Congresso Nacional sob uma chuva de bombas de g\u00e1s lacrimog\u00eanio. Em seguida, conseguiram passar pelas barricadas [&hellip;]<\/p>\n","protected":false},"author":1,"featured_media":53924,"comment_status":"open","ping_status":"closed","sticky":false,"template":"","format":"standard","meta":{"_links_to":"","_links_to_target":""},"categories":[7,3,1],"tags":[],"views":817,"_links":{"self":[{"href":"https:\/\/www.brazilianpress.com\/v1\/wp-json\/wp\/v2\/posts\/53923"}],"collection":[{"href":"https:\/\/www.brazilianpress.com\/v1\/wp-json\/wp\/v2\/posts"}],"about":[{"href":"https:\/\/www.brazilianpress.com\/v1\/wp-json\/wp\/v2\/types\/post"}],"author":[{"embeddable":true,"href":"https:\/\/www.brazilianpress.com\/v1\/wp-json\/wp\/v2\/users\/1"}],"replies":[{"embeddable":true,"href":"https:\/\/www.brazilianpress.com\/v1\/wp-json\/wp\/v2\/comments?post=53923"}],"version-history":[{"count":1,"href":"https:\/\/www.brazilianpress.com\/v1\/wp-json\/wp\/v2\/posts\/53923\/revisions"}],"predecessor-version":[{"id":53925,"href":"https:\/\/www.brazilianpress.com\/v1\/wp-json\/wp\/v2\/posts\/53923\/revisions\/53925"}],"wp:featuredmedia":[{"embeddable":true,"href":"https:\/\/www.brazilianpress.com\/v1\/wp-json\/wp\/v2\/media\/53924"}],"wp:attachment":[{"href":"https:\/\/www.brazilianpress.com\/v1\/wp-json\/wp\/v2\/media?parent=53923"}],"wp:term":[{"taxonomy":"category","embeddable":true,"href":"https:\/\/www.brazilianpress.com\/v1\/wp-json\/wp\/v2\/categories?post=53923"},{"taxonomy":"post_tag","embeddable":true,"href":"https:\/\/www.brazilianpress.com\/v1\/wp-json\/wp\/v2\/tags?post=53923"}],"curies":[{"name":"wp","href":"https:\/\/api.w.org\/{rel}","templated":true}]}}