{"id":53926,"date":"2023-01-09T07:12:46","date_gmt":"2023-01-09T11:12:46","guid":{"rendered":"https:\/\/www.brazilianpress.com\/v1\/?p=53926"},"modified":"2023-01-09T07:12:46","modified_gmt":"2023-01-09T11:12:46","slug":"apos-invasao-de-brasilia-deputados-democratas-pedem-que-bolsonaro-seja-expulso-dos-eua","status":"publish","type":"post","link":"https:\/\/www.brazilianpress.com\/v1\/2023\/01\/09\/apos-invasao-de-brasilia-deputados-democratas-pedem-que-bolsonaro-seja-expulso-dos-eua\/","title":{"rendered":"Ap\u00f3s invas\u00e3o de Bras\u00edlia, deputados democratas pedem que Bolsonaro seja expulso dos EUA"},"content":{"rendered":"<p><strong>A deputada democrata Alexandria Ocasio-Cortez (@aoc) publicou neste domingo (8) uma declara\u00e7\u00e3o para impedir que os EUA concedam ref\u00fagio ao ex-presidente Bolsonaro, que est\u00e1 agora na Fl\u00f3rida desde o dia 30 de dezembro de 2022.<\/strong><\/p>\n<p>\u201cQuase 2 anos depois que o Capit\u00f3lio dos EUA foi atacado por fascistas, vemos movimentos fascistas no exterior tentando fazer o mesmo no Brasil. Devemos ser solid\u00e1rios com o governo democraticamente eleito de @LulaOficial. Os EUA devem parar de conceder ref\u00fagio a Bolsonaro na Fl\u00f3rida\u201d, publicou Ocasio. O deputado democrata Joaquin Castro pediu a extradi\u00e7\u00e3o de Bolsonaro para o Brasil.<\/p>\n<p><img src=\"https:\/\/conteudo.imguol.com.br\/c\/noticias\/13\/2022\/12\/31\/apoiadores-de-jair-bolsonaro-concentrados-na-frente-de-uma-casa-em-orlando-na-florida-1672495565661_v2_4x3.jpg\" alt=\"Deputados americanos querem expuls\u00e3o de Bolsonaro dos EUA - 08\/01\/2023 -  UOL Not\u00edcias\" \/><\/p>\n<p>\u201cBolsonaro n\u00e3o deve receber ref\u00fagio na Fl\u00f3rida, onde est\u00e1 se escondendo da responsabilidade de seus crimes. Me posiciono junto a Lula e ao governo democraticamente eleito do Brasil. Terroristas dom\u00e9sticos e fascistas n\u00e3o podem usar o roteiro de Trump para enfraquecer a democracia\u201d. Antony Blinken, secret\u00e1rio de Estado dos EUA, afirmou: \u201ccondenamos os ataques \u00e0 Presid\u00eancia, ao Congresso e ao Supremo Tribunal Federal hoje. Usar a viol\u00eancia \u00e9 sempre inaceit\u00e1vel. N\u00f3s nos juntamos a Lula para pedir o fim imediato dessas a\u00e7\u00f5es.\u201d<\/p>\n<p><img loading=\"lazy\" class=\"alignnone size-full wp-image-53924\" src=\"https:\/\/www.brazilianpress.com\/v1\/wp-content\/uploads\/2023\/01\/bolsonaristas-invagem-congresso-nacional-brasilia.jpg\" alt=\"\" width=\"700\" height=\"412\" srcset=\"https:\/\/www.brazilianpress.com\/v1\/wp-content\/uploads\/2023\/01\/bolsonaristas-invagem-congresso-nacional-brasilia.jpg 700w, https:\/\/www.brazilianpress.com\/v1\/wp-content\/uploads\/2023\/01\/bolsonaristas-invagem-congresso-nacional-brasilia-300x177.jpg 300w\" sizes=\"(max-width: 700px) 100vw, 700px\" \/><\/p>\n","protected":false},"excerpt":{"rendered":"<p>A deputada democrata Alexandria Ocasio-Cortez (@aoc) publicou neste domingo (8) uma declara\u00e7\u00e3o para impedir que os EUA concedam ref\u00fagio ao ex-presidente Bolsonaro, que est\u00e1 agora na Fl\u00f3rida desde o dia 30 de dezembro de 2022. \u201cQuase 2 anos depois que o Capit\u00f3lio dos EUA foi atacado por fascistas, vemos movimentos fascistas no exterior tentando fazer o mesmo no Brasil. Devemos ser solid\u00e1rios com o governo democraticamente eleito de @LulaOficial. Os EUA devem parar de conceder ref\u00fagio a Bolsonaro na Fl\u00f3rida\u201d, publicou Ocasio. O deputado democrata Joaquin Castro pediu a extradi\u00e7\u00e3o de Bolsonaro para o Brasil. \u201cBolsonaro n\u00e3o deve receber ref\u00fagio [&hellip;]<\/p>\n","protected":false},"author":1,"featured_media":53927,"comment_status":"open","ping_status":"closed","sticky":false,"template":"","format":"standard","meta":{"_links_to":"","_links_to_target":""},"categories":[3,1,10],"tags":[],"views":976,"_links":{"self":[{"href":"https:\/\/www.brazilianpress.com\/v1\/wp-json\/wp\/v2\/posts\/53926"}],"collection":[{"href":"https:\/\/www.brazilianpress.com\/v1\/wp-json\/wp\/v2\/posts"}],"about":[{"href":"https:\/\/www.brazilianpress.com\/v1\/wp-json\/wp\/v2\/types\/post"}],"author":[{"embeddable":true,"href":"https:\/\/www.brazilianpress.com\/v1\/wp-json\/wp\/v2\/users\/1"}],"replies":[{"embeddable":true,"href":"https:\/\/www.brazilianpress.com\/v1\/wp-json\/wp\/v2\/comments?post=53926"}],"version-history":[{"count":1,"href":"https:\/\/www.brazilianpress.com\/v1\/wp-json\/wp\/v2\/posts\/53926\/revisions"}],"predecessor-version":[{"id":53928,"href":"https:\/\/www.brazilianpress.com\/v1\/wp-json\/wp\/v2\/posts\/53926\/revisions\/53928"}],"wp:featuredmedia":[{"embeddable":true,"href":"https:\/\/www.brazilianpress.com\/v1\/wp-json\/wp\/v2\/media\/53927"}],"wp:attachment":[{"href":"https:\/\/www.brazilianpress.com\/v1\/wp-json\/wp\/v2\/media?parent=53926"}],"wp:term":[{"taxonomy":"category","embeddable":true,"href":"https:\/\/www.brazilianpress.com\/v1\/wp-json\/wp\/v2\/categories?post=53926"},{"taxonomy":"post_tag","embeddable":true,"href":"https:\/\/www.brazilianpress.com\/v1\/wp-json\/wp\/v2\/tags?post=53926"}],"curies":[{"name":"wp","href":"https:\/\/api.w.org\/{rel}","templated":true}]}}