{"id":53934,"date":"2023-01-09T18:31:03","date_gmt":"2023-01-09T22:31:03","guid":{"rendered":"https:\/\/www.brazilianpress.com\/v1\/?p=53934"},"modified":"2023-01-09T18:31:03","modified_gmt":"2023-01-09T22:31:03","slug":"departamento-de-estado-dos-eua-bolsonaro-tem-30-dias-para-deixar-pais-ou-mudar-visto","status":"publish","type":"post","link":"https:\/\/www.brazilianpress.com\/v1\/2023\/01\/09\/departamento-de-estado-dos-eua-bolsonaro-tem-30-dias-para-deixar-pais-ou-mudar-visto\/","title":{"rendered":"Departamento de Estado dos EUA: Bolsonaro tem 30 dias para deixar pa\u00eds ou mudar visto"},"content":{"rendered":"<p><strong>O porta-voz do Departamento de Estado dos EUA, Ned Price, disse nesta segunda-feira, 9, que qualquer cidad\u00e3o que tenha entrado no pa\u00eds com passaporte diplom\u00e1tico mas que &#8220;n\u00e3o mais exer\u00e7a&#8221; tais atividades tem um prazo para deixar o pa\u00eds ou mudar o visto.<\/strong><\/p>\n<p>Price falou sobre o tema ap\u00f3s ser questionado por jornalistas diante da situa\u00e7\u00e3o do ex-presidente brasileiro, Jair Bolsonaro. Bolsonaro est\u00e1 na Fl\u00f3rida desde 31 de dezembro e sua situa\u00e7\u00e3o imigrat\u00f3ria ganhou tra\u00e7\u00e3o entre a imprensa americana ap\u00f3s os ataques em Bras\u00edlia no domingo, 8. O porta-voz n\u00e3o quis comentar especificamente a situa\u00e7\u00e3o de Bolsonaro, e disse que situa\u00e7\u00f5es individuais de vistos s\u00e3o privadas.<\/p>\n<p>Ainda assim, repetiu quais s\u00e3o as regras para quaisquer viajantes com passaporte diplom\u00e1tico, como \u00e9 o caso de Bolsonaro. Price afirmou que pessoas que entraram nos EUA com fun\u00e7\u00f5es diplom\u00e1ticas, ao deixarem de exercer essas fun\u00e7\u00f5es, t\u00eam 30 dias a partir disso para ou deixar voluntariamente o pa\u00eds ou mudar o status do visto para permanecer em solo americano. No caso de Bolsonaro, ser\u00e1 preciso que o ex-presidente, ent\u00e3o, solicite a mudan\u00e7a de seu status nos pr\u00f3ximos dias caso queira permanecer no pa\u00eds. Viajantes com visto comum de turista ou de neg\u00f3cios podem ficar nos EUA por at\u00e9 seis meses seguidos. Depois, tamb\u00e9m s\u00f3 podem continuar caso mudem para um visto de trabalho ou de estudo, por exemplo.<\/p>\n<p><img src=\"https:\/\/i.imgur.com\/vqfkyKX.jpg\" \/><\/p>\n<p><strong>EUA ainda n\u00e3o recebeu pedido de extradi\u00e7\u00e3o<\/strong><\/p>\n<p>Price disse ainda que o governo americano ainda n\u00e3o recebeu nenhum pedido de coopera\u00e7\u00e3o a respeito do caso Bolsonaro. &#8220;Neste caso, ainda n\u00e3o recebemos nenhum pedido por informa\u00e7\u00e3o&#8221;, disse o porta-voz. &#8220;Se for \u00fatil para as autoridades brasileiras receberem informa\u00e7\u00e3o do governo dos EUA, n\u00f3s claro entregaremos esse pedido prontamente.&#8221; Acerca de eventual deporta\u00e7\u00e3o de Bolsonaro, Price tamb\u00e9m disse que EUA e Brasil tem forte &#8220;coopera\u00e7\u00e3o&#8221; e que, se houver o cumprimento de alguma decis\u00e3o judicial e da lei brasileira que precise ser exercido em solo americano, os EUA est\u00e3o &#8220;preparados para faz\u00ea-lo&#8221;.<\/p>\n<p>Declara\u00e7\u00e3o parecida j\u00e1 havia sido feita mais cedo pelo conselheiro de Defesa dos EUA, Jake Sullivan, que afirmou que o governo americano ainda n\u00e3o recebeu pedidos do Brasil. Price, do Departamento de Estado, tamb\u00e9m voltou a refor\u00e7ar declara\u00e7\u00f5es que j\u00e1 haviam sido feitas pelo presidente americano, Joe Biden, e outros secret\u00e1rios no domingo, em apoio \u00e0s &#8220;institui\u00e7\u00f5es democr\u00e1ticas&#8221; do Brasil e condena\u00e7\u00e3o dos ataques em Bras\u00edlia. Price disse que as institui\u00e7\u00f5es brasileiras apresentaram &#8220;resili\u00eancia not\u00e1vel nas \u00faltimas 24 horas&#8221;. Bolsonaro est\u00e1 nos EUA desde 31 de dezembro, tendo desembarcado no \u00faltimo dia de seu mandato. O status de Bolsonaro ganhou mais destaque nos EUA nas \u00faltimas 24 horas, ap\u00f3s a invas\u00e3o e ataques terroristas aos pr\u00e9dios dos poderes em Bras\u00edlia no domingo, 8 &#8211; que, aos americanos, lembrou a invas\u00e3o do Capit\u00f3lio no pa\u00eds orquestrada por apoiadores do ex-presidente Donald Trump. Ap\u00f3s os ataques de domingo, alguns pol\u00edticos americanos passaram a cobrar uma expuls\u00e3o de Bolsonaro do pa\u00eds.<\/p>\n","protected":false},"excerpt":{"rendered":"<p>O porta-voz do Departamento de Estado dos EUA, Ned Price, disse nesta segunda-feira, 9, que qualquer cidad\u00e3o que tenha entrado no pa\u00eds com passaporte diplom\u00e1tico mas que &#8220;n\u00e3o mais exer\u00e7a&#8221; tais atividades tem um prazo para deixar o pa\u00eds ou mudar o visto. Price falou sobre o tema ap\u00f3s ser questionado por jornalistas diante da situa\u00e7\u00e3o do ex-presidente brasileiro, Jair Bolsonaro. Bolsonaro est\u00e1 na Fl\u00f3rida desde 31 de dezembro e sua situa\u00e7\u00e3o imigrat\u00f3ria ganhou tra\u00e7\u00e3o entre a imprensa americana ap\u00f3s os ataques em Bras\u00edlia no domingo, 8. O porta-voz n\u00e3o quis comentar especificamente a situa\u00e7\u00e3o de Bolsonaro, e disse que [&hellip;]<\/p>\n","protected":false},"author":1,"featured_media":53935,"comment_status":"open","ping_status":"closed","sticky":false,"template":"","format":"standard","meta":{"_links_to":"","_links_to_target":""},"categories":[4,3,1],"tags":[],"views":1114,"_links":{"self":[{"href":"https:\/\/www.brazilianpress.com\/v1\/wp-json\/wp\/v2\/posts\/53934"}],"collection":[{"href":"https:\/\/www.brazilianpress.com\/v1\/wp-json\/wp\/v2\/posts"}],"about":[{"href":"https:\/\/www.brazilianpress.com\/v1\/wp-json\/wp\/v2\/types\/post"}],"author":[{"embeddable":true,"href":"https:\/\/www.brazilianpress.com\/v1\/wp-json\/wp\/v2\/users\/1"}],"replies":[{"embeddable":true,"href":"https:\/\/www.brazilianpress.com\/v1\/wp-json\/wp\/v2\/comments?post=53934"}],"version-history":[{"count":1,"href":"https:\/\/www.brazilianpress.com\/v1\/wp-json\/wp\/v2\/posts\/53934\/revisions"}],"predecessor-version":[{"id":53936,"href":"https:\/\/www.brazilianpress.com\/v1\/wp-json\/wp\/v2\/posts\/53934\/revisions\/53936"}],"wp:featuredmedia":[{"embeddable":true,"href":"https:\/\/www.brazilianpress.com\/v1\/wp-json\/wp\/v2\/media\/53935"}],"wp:attachment":[{"href":"https:\/\/www.brazilianpress.com\/v1\/wp-json\/wp\/v2\/media?parent=53934"}],"wp:term":[{"taxonomy":"category","embeddable":true,"href":"https:\/\/www.brazilianpress.com\/v1\/wp-json\/wp\/v2\/categories?post=53934"},{"taxonomy":"post_tag","embeddable":true,"href":"https:\/\/www.brazilianpress.com\/v1\/wp-json\/wp\/v2\/tags?post=53934"}],"curies":[{"name":"wp","href":"https:\/\/api.w.org\/{rel}","templated":true}]}}