{"id":53940,"date":"2023-01-10T18:20:41","date_gmt":"2023-01-10T22:20:41","guid":{"rendered":"https:\/\/www.brazilianpress.com\/v1\/?p=53940"},"modified":"2023-01-10T18:20:41","modified_gmt":"2023-01-10T22:20:41","slug":"eua-mae-de-soldada-brasileira-assassinada-expoe-falas-de-suspeito-antes-da-confissao-corpo-ainda-nao-foi-achado","status":"publish","type":"post","link":"https:\/\/www.brazilianpress.com\/v1\/2023\/01\/10\/eua-mae-de-soldada-brasileira-assassinada-expoe-falas-de-suspeito-antes-da-confissao-corpo-ainda-nao-foi-achado\/","title":{"rendered":"EUA: M\u00e3e de soldada brasileira assassinada exp\u00f5e falas de suspeito antes da confiss\u00e3o. Corpo ainda n\u00e3o foi achado"},"content":{"rendered":"<p><strong>A fam\u00edlia da soldado Anna Laura Costa, 22, morta pelo companheiro, Lu\u00eds Ant\u00f4nio Gomes Akay, em Los Angeles (EUA), ainda tenta localizar o corpo da jovem e revelou como o homem, por mensagens de texto e \u00e1udios, tentou faz\u00ea-las crer que a v\u00edtima estaria viva e que ele desconheceria o paradeiro dela. A informa\u00e7\u00e3o foi confirmada pela m\u00e3e de Anna Laura, Erbena Costa, em entrevista ao programa &#8220;Encontro&#8221;, da TV Globo, na manh\u00e3 de hoje.<\/strong><\/p>\n<p>Segundo Erbena, Lu\u00eds chegou a contar que procurou a pol\u00edcia para comunicar o desaparecimento antes de finalmente confessar o crime. Em uma das conversas trocadas por um aplicativo de mensagens, exibidas na TV, ela se diz preocupada com o paradeiro da filha, com quem conversava todos os dias. Lu\u00eds responde ent\u00e3o que a viu pela \u00faltima vez no hotel em que estavam hospedados e disse: &#8220;estou aqui \u00e0 disposi\u00e7\u00e3o, qualquer hora, pode me ligar ou mandar mensagem&#8221;.<\/p>\n<p><img loading=\"lazy\" class=\"alignnone size-full wp-image-53847\" src=\"https:\/\/www.brazilianpress.com\/v1\/wp-content\/uploads\/2023\/01\/brasileira-soldado-assassinada-eua.jpg\" alt=\"\" width=\"700\" height=\"387\" srcset=\"https:\/\/www.brazilianpress.com\/v1\/wp-content\/uploads\/2023\/01\/brasileira-soldado-assassinada-eua.jpg 700w, https:\/\/www.brazilianpress.com\/v1\/wp-content\/uploads\/2023\/01\/brasileira-soldado-assassinada-eua-300x166.jpg 300w\" sizes=\"(max-width: 700px) 100vw, 700px\" \/><\/p>\n<p>Em \u00e1udio trocado com uma tia da jovem, Lu\u00eds chega a dizer que teria sido &#8220;diversas vezes&#8221; desencorajado pela pol\u00edcia a registrar o desaparecimento da jovem. &#8220;Sabe o que a mulher falou? Falou: &#8216;Ela n\u00e3o est\u00e1 desaparecida. Ela pegou um voo de volta para casa e ela simplesmente n\u00e3o quer estar mais com voc\u00ea'&#8221;, afirmou \u2014 ele contou ainda que ap\u00f3s desentendimento, Anna teria sa\u00eddo do quarto e n\u00e3o voltado.<\/p>\n<p><img loading=\"lazy\" class=\"alignnone size-full wp-image-53894\" src=\"https:\/\/www.brazilianpress.com\/v1\/wp-content\/uploads\/2023\/01\/soldada-brasileira-assassinada-anna-laura.jpg\" alt=\"\" width=\"650\" height=\"390\" srcset=\"https:\/\/www.brazilianpress.com\/v1\/wp-content\/uploads\/2023\/01\/soldada-brasileira-assassinada-anna-laura.jpg 650w, https:\/\/www.brazilianpress.com\/v1\/wp-content\/uploads\/2023\/01\/soldada-brasileira-assassinada-anna-laura-300x180.jpg 300w\" sizes=\"(max-width: 650px) 100vw, 650px\" \/><\/p>\n<p>A m\u00e3e de Anna contou que chegou a conhecer o suspeito pessoalmente quando visitou a filha nos EUA. &#8220;At\u00e9 ent\u00e3o, ele parecia uma pessoa normal. Conversamos um pouco, percebi que ele era muito diferente dela, porque ela \u00e9 uma menina muito jovem, com 22 anos, ele j\u00e1 tinha 36 anos&#8221;, disse. Anna Laura morava nos Estados Unidos desde 2016, quando saiu de Santar\u00e9m (PA) ainda adolescente. Ela fez ensino m\u00e9dio e gradua\u00e7\u00e3o no pa\u00eds norte-americano. At\u00e9 a manh\u00e3 de hoje, o corpo dela n\u00e3o tinha sido encontrado pelas autoridades dos EUA. A tempestade intensa que atinge Los Angeles dificulta as buscas.<\/p>\n<p><img src=\"https:\/\/romanews.com.br\/wp-content\/uploads\/2023\/01\/WhatsApp-Image-2023-01-07-at-08.34.19-1024x1024.jpeg\" alt=\"Ele fez outras v\u00edtimas no Brasil', diz fam\u00edlia de paraense morta nos EUA;  corpo de Anna Laura ainda n\u00e3o foi encontrado - Roma News\" \/><\/p>\n","protected":false},"excerpt":{"rendered":"<p>A fam\u00edlia da soldado Anna Laura Costa, 22, morta pelo companheiro, Lu\u00eds Ant\u00f4nio Gomes Akay, em Los Angeles (EUA), ainda tenta localizar o corpo da jovem e revelou como o homem, por mensagens de texto e \u00e1udios, tentou faz\u00ea-las crer que a v\u00edtima estaria viva e que ele desconheceria o paradeiro dela. A informa\u00e7\u00e3o foi confirmada pela m\u00e3e de Anna Laura, Erbena Costa, em entrevista ao programa &#8220;Encontro&#8221;, da TV Globo, na manh\u00e3 de hoje. Segundo Erbena, Lu\u00eds chegou a contar que procurou a pol\u00edcia para comunicar o desaparecimento antes de finalmente confessar o crime. Em uma das conversas trocadas [&hellip;]<\/p>\n","protected":false},"author":1,"featured_media":53941,"comment_status":"open","ping_status":"closed","sticky":false,"template":"","format":"standard","meta":{"_links_to":"","_links_to_target":""},"categories":[4,3,1],"tags":[],"views":987,"_links":{"self":[{"href":"https:\/\/www.brazilianpress.com\/v1\/wp-json\/wp\/v2\/posts\/53940"}],"collection":[{"href":"https:\/\/www.brazilianpress.com\/v1\/wp-json\/wp\/v2\/posts"}],"about":[{"href":"https:\/\/www.brazilianpress.com\/v1\/wp-json\/wp\/v2\/types\/post"}],"author":[{"embeddable":true,"href":"https:\/\/www.brazilianpress.com\/v1\/wp-json\/wp\/v2\/users\/1"}],"replies":[{"embeddable":true,"href":"https:\/\/www.brazilianpress.com\/v1\/wp-json\/wp\/v2\/comments?post=53940"}],"version-history":[{"count":1,"href":"https:\/\/www.brazilianpress.com\/v1\/wp-json\/wp\/v2\/posts\/53940\/revisions"}],"predecessor-version":[{"id":53942,"href":"https:\/\/www.brazilianpress.com\/v1\/wp-json\/wp\/v2\/posts\/53940\/revisions\/53942"}],"wp:featuredmedia":[{"embeddable":true,"href":"https:\/\/www.brazilianpress.com\/v1\/wp-json\/wp\/v2\/media\/53941"}],"wp:attachment":[{"href":"https:\/\/www.brazilianpress.com\/v1\/wp-json\/wp\/v2\/media?parent=53940"}],"wp:term":[{"taxonomy":"category","embeddable":true,"href":"https:\/\/www.brazilianpress.com\/v1\/wp-json\/wp\/v2\/categories?post=53940"},{"taxonomy":"post_tag","embeddable":true,"href":"https:\/\/www.brazilianpress.com\/v1\/wp-json\/wp\/v2\/tags?post=53940"}],"curies":[{"name":"wp","href":"https:\/\/api.w.org\/{rel}","templated":true}]}}