{"id":53946,"date":"2023-01-11T17:35:53","date_gmt":"2023-01-11T21:35:53","guid":{"rendered":"https:\/\/www.brazilianpress.com\/v1\/?p=53946"},"modified":"2023-01-11T17:35:53","modified_gmt":"2023-01-11T21:35:53","slug":"apesar-do-clima-de-camaradagem-obrador-faz-cobranca-a-biden-durante-visita-ao-mexico","status":"publish","type":"post","link":"https:\/\/www.brazilianpress.com\/v1\/2023\/01\/11\/apesar-do-clima-de-camaradagem-obrador-faz-cobranca-a-biden-durante-visita-ao-mexico\/","title":{"rendered":"Apesar do clima de camaradagem, Obrador faz &#8220;cobran\u00e7a&#8221; \u00e0 Biden durante visita ao M\u00e9xico"},"content":{"rendered":"<p><strong>O presidente mexicano, Andr\u00e9s Manuel L\u00f3pez Obrador, desafiou o presidente Biden por seu &#8220;esquecimento&#8221; em ajudar os pa\u00edses latino-americanos durante a C\u00fapula de L\u00edderes da Am\u00e9rica do Norte na segunda-feira. Ele tamb\u00e9m o encorajou a priorizar a resolu\u00e7\u00e3o da crise migrat\u00f3ria que afeta a fronteira EUA-M\u00e9xico.<\/strong><\/p>\n<p>Embora os coment\u00e1rios p\u00fablicos tenham um tom positivo, L\u00f3pez Obrador pressionou Biden sobre seu &#8220;abandono&#8221; e &#8220;esquecimento&#8221; para ajudar os pa\u00edses da Am\u00e9rica Central . \u201cEste \u00e9 o momento de decidirmos acabar com esse abandono, esse desd\u00e9m e esse esquecimento da Am\u00e9rica Latina e do Caribe\u201d, disse L\u00f3pez Obrador em entrevista coletiva na segunda-feira. L\u00f3pez Obrador tamb\u00e9m disse que Biden tem a &#8220;chave&#8221; para melhorar a vida na regi\u00e3o.<\/p>\n<p><img src=\"https:\/\/media.npr.org\/assets\/img\/2023\/01\/10\/ap23011018974797-f736939743e520de5bdb34a00a3f0c9321c6bf66-s1100-c50.jpg\" alt=\"Biden, Mexico's L\u00f3pez Obrador find common ground on migration in talks : NPR\" \/><\/p>\n<p>&#8220;Voc\u00ea tem a chave na m\u00e3o&#8221;, disse o l\u00edder mexicano sobre o presidente dos Estados Unidos. Na ter\u00e7a-feira, os coment\u00e1rios de L\u00f3pez Obrador foram mais positivos ao elogiar Biden por n\u00e3o construir &#8220;nem um metro de muro&#8221;, uma refer\u00eancia clara ao antecessor de Biden, o ex-presidente Donald Trump. Ainda assim, L\u00f3pez Obrador instou Biden a &#8220;insistir&#8221; que o Congresso fa\u00e7a mais acomoda\u00e7\u00f5es para permitir que migrantes mexicanos indocumentados trabalhem em ind\u00fastrias onde os empregadores americanos est\u00e3o lutando para contratar.<\/p>\n","protected":false},"excerpt":{"rendered":"<p>O presidente mexicano, Andr\u00e9s Manuel L\u00f3pez Obrador, desafiou o presidente Biden por seu &#8220;esquecimento&#8221; em ajudar os pa\u00edses latino-americanos durante a C\u00fapula de L\u00edderes da Am\u00e9rica do Norte na segunda-feira. Ele tamb\u00e9m o encorajou a priorizar a resolu\u00e7\u00e3o da crise migrat\u00f3ria que afeta a fronteira EUA-M\u00e9xico. Embora os coment\u00e1rios p\u00fablicos tenham um tom positivo, L\u00f3pez Obrador pressionou Biden sobre seu &#8220;abandono&#8221; e &#8220;esquecimento&#8221; para ajudar os pa\u00edses da Am\u00e9rica Central . \u201cEste \u00e9 o momento de decidirmos acabar com esse abandono, esse desd\u00e9m e esse esquecimento da Am\u00e9rica Latina e do Caribe\u201d, disse L\u00f3pez Obrador em entrevista coletiva na segunda-feira. [&hellip;]<\/p>\n","protected":false},"author":1,"featured_media":53947,"comment_status":"open","ping_status":"closed","sticky":false,"template":"","format":"standard","meta":{"_links_to":"","_links_to_target":""},"categories":[3,8,1],"tags":[],"views":741,"_links":{"self":[{"href":"https:\/\/www.brazilianpress.com\/v1\/wp-json\/wp\/v2\/posts\/53946"}],"collection":[{"href":"https:\/\/www.brazilianpress.com\/v1\/wp-json\/wp\/v2\/posts"}],"about":[{"href":"https:\/\/www.brazilianpress.com\/v1\/wp-json\/wp\/v2\/types\/post"}],"author":[{"embeddable":true,"href":"https:\/\/www.brazilianpress.com\/v1\/wp-json\/wp\/v2\/users\/1"}],"replies":[{"embeddable":true,"href":"https:\/\/www.brazilianpress.com\/v1\/wp-json\/wp\/v2\/comments?post=53946"}],"version-history":[{"count":1,"href":"https:\/\/www.brazilianpress.com\/v1\/wp-json\/wp\/v2\/posts\/53946\/revisions"}],"predecessor-version":[{"id":53948,"href":"https:\/\/www.brazilianpress.com\/v1\/wp-json\/wp\/v2\/posts\/53946\/revisions\/53948"}],"wp:featuredmedia":[{"embeddable":true,"href":"https:\/\/www.brazilianpress.com\/v1\/wp-json\/wp\/v2\/media\/53947"}],"wp:attachment":[{"href":"https:\/\/www.brazilianpress.com\/v1\/wp-json\/wp\/v2\/media?parent=53946"}],"wp:term":[{"taxonomy":"category","embeddable":true,"href":"https:\/\/www.brazilianpress.com\/v1\/wp-json\/wp\/v2\/categories?post=53946"},{"taxonomy":"post_tag","embeddable":true,"href":"https:\/\/www.brazilianpress.com\/v1\/wp-json\/wp\/v2\/tags?post=53946"}],"curies":[{"name":"wp","href":"https:\/\/api.w.org\/{rel}","templated":true}]}}