{"id":54059,"date":"2023-01-21T08:55:06","date_gmt":"2023-01-21T12:55:06","guid":{"rendered":"https:\/\/www.brazilianpress.com\/v1\/?p=54059"},"modified":"2023-01-21T08:55:06","modified_gmt":"2023-01-21T12:55:06","slug":"moraes-mantem-prisao-de-354-investigados-por-atos-antidemocraticos","status":"publish","type":"post","link":"https:\/\/www.brazilianpress.com\/v1\/2023\/01\/21\/moraes-mantem-prisao-de-354-investigados-por-atos-antidemocraticos\/","title":{"rendered":"Moraes mant\u00e9m pris\u00e3o de 354 investigados por atos antidemocr\u00e1ticos"},"content":{"rendered":"<p><strong>O ministro Alexandre de Moraes, do Supremo Tribunal Federal (STF), decidiu quarta-feira (18), manter a pris\u00e3o preventiva de 354 acusados de participar dos atos antidemocr\u00e1ticos de 8 de janeiro. O ministro tamb\u00e9m decidiu colocar 220 investigados em liberdade, mediante medidas cautelares.\u00a0<\/strong><\/p>\n<p>Ao transformar a pris\u00e3o tempor\u00e1ria dos acusados em preventiva, por tempo indeterminado, o ministro entendeu que as pris\u00f5es s\u00e3o necess\u00e1rias para garantir a ordem p\u00fablica e a efetividade das investiga\u00e7\u00f5es.\u00a0 Moraes considerou que os acusados tentaram impedir o funcionamento dos poderes constitucionais constitu\u00eddos por meio de viol\u00eancia e grave amea\u00e7a.<\/p>\n<p>Os investigados que ser\u00e3o soltos dever\u00e3o colocar tornozeleira eletr\u00f4nica, est\u00e3o proibidos de sair de suas cidades e de usar redes sociais. Al\u00e9m disso, eles ter\u00e3o os passaportes cancelados e os documentos de posse de arma suspensos.<\/p>\n<p>Ap\u00f3s as pris\u00f5es realizadas em 8 de janeiro, Alexandre de Moraes delegou as audi\u00eancias de cust\u00f3dia para ju\u00edzes federais e do Tribunal de Justi\u00e7a do DF. As informa\u00e7\u00f5es sobre os presos s\u00e3o centralizadas no Conselho Nacional de Justi\u00e7a (CNJ) e remetidas ao ministro, a quem cabe decidir sobre a manuten\u00e7\u00e3o das pris\u00f5es.\u00a0 Cerca de 1,4 mil pessoas foram presas ap\u00f3s os atos. A an\u00e1lise das pris\u00f5es pelo ministro vai at\u00e9 sexta-feira (20).<\/p>\n<p><strong>Ataques<\/strong><\/p>\n<p>Desde que o presidente Luiz In\u00e1cio Lula da Silva foi eleito em segundo turno, no final de outubro, apoiadores do ex-presidente Jair Bolsonaro demonstram inconformismo com o resultado do pleito e pedem um golpe militar no pa\u00eds, para depor o governo eleito democraticamente. As manifesta\u00e7\u00f5es dos \u00faltimos meses inclu\u00edram acampamentos em diversos quart\u00e9is generais do pa\u00eds e culminaram com a invas\u00e3o e depreda\u00e7\u00e3o das sedes dos Tr\u00eas Poderes, em Bras\u00edlia, no dia 8 de janeiro. (ABr)<\/p>\n","protected":false},"excerpt":{"rendered":"<p>O ministro Alexandre de Moraes, do Supremo Tribunal Federal (STF), decidiu quarta-feira (18), manter a pris\u00e3o preventiva de 354 acusados de participar dos atos antidemocr\u00e1ticos de 8 de janeiro. O ministro tamb\u00e9m decidiu colocar 220 investigados em liberdade, mediante medidas cautelares.\u00a0 Ao transformar a pris\u00e3o tempor\u00e1ria dos acusados em preventiva, por tempo indeterminado, o ministro entendeu que as pris\u00f5es s\u00e3o necess\u00e1rias para garantir a ordem p\u00fablica e a efetividade das investiga\u00e7\u00f5es.\u00a0 Moraes considerou que os acusados tentaram impedir o funcionamento dos poderes constitucionais constitu\u00eddos por meio de viol\u00eancia e grave amea\u00e7a. Os investigados que ser\u00e3o soltos dever\u00e3o colocar tornozeleira eletr\u00f4nica, [&hellip;]<\/p>\n","protected":false},"author":1,"featured_media":54060,"comment_status":"open","ping_status":"closed","sticky":false,"template":"","format":"standard","meta":{"_links_to":"","_links_to_target":""},"categories":[7,1],"tags":[],"views":712,"_links":{"self":[{"href":"https:\/\/www.brazilianpress.com\/v1\/wp-json\/wp\/v2\/posts\/54059"}],"collection":[{"href":"https:\/\/www.brazilianpress.com\/v1\/wp-json\/wp\/v2\/posts"}],"about":[{"href":"https:\/\/www.brazilianpress.com\/v1\/wp-json\/wp\/v2\/types\/post"}],"author":[{"embeddable":true,"href":"https:\/\/www.brazilianpress.com\/v1\/wp-json\/wp\/v2\/users\/1"}],"replies":[{"embeddable":true,"href":"https:\/\/www.brazilianpress.com\/v1\/wp-json\/wp\/v2\/comments?post=54059"}],"version-history":[{"count":1,"href":"https:\/\/www.brazilianpress.com\/v1\/wp-json\/wp\/v2\/posts\/54059\/revisions"}],"predecessor-version":[{"id":54061,"href":"https:\/\/www.brazilianpress.com\/v1\/wp-json\/wp\/v2\/posts\/54059\/revisions\/54061"}],"wp:featuredmedia":[{"embeddable":true,"href":"https:\/\/www.brazilianpress.com\/v1\/wp-json\/wp\/v2\/media\/54060"}],"wp:attachment":[{"href":"https:\/\/www.brazilianpress.com\/v1\/wp-json\/wp\/v2\/media?parent=54059"}],"wp:term":[{"taxonomy":"category","embeddable":true,"href":"https:\/\/www.brazilianpress.com\/v1\/wp-json\/wp\/v2\/categories?post=54059"},{"taxonomy":"post_tag","embeddable":true,"href":"https:\/\/www.brazilianpress.com\/v1\/wp-json\/wp\/v2\/tags?post=54059"}],"curies":[{"name":"wp","href":"https:\/\/api.w.org\/{rel}","templated":true}]}}