{"id":54092,"date":"2023-01-26T12:16:52","date_gmt":"2023-01-26T16:16:52","guid":{"rendered":"https:\/\/www.brazilianpress.com\/v1\/?p=54092"},"modified":"2023-01-26T12:16:52","modified_gmt":"2023-01-26T16:16:52","slug":"reino-unido-admite-ter-perdido-200-menores-migrantes-desacompanhados","status":"publish","type":"post","link":"https:\/\/www.brazilianpress.com\/v1\/2023\/01\/26\/reino-unido-admite-ter-perdido-200-menores-migrantes-desacompanhados\/","title":{"rendered":"Reino Unido admite ter perdido 200 menores migrantes desacompanhados"},"content":{"rendered":"<p><strong>Autoridades brit\u00e2nicas admitiram, na ter\u00e7a-feira (24), que n\u00e3o sabem onde est\u00e3o cerca de 200 menores que estavam alojados em hot\u00e9is ap\u00f3s chegarem desacompanhados dos pais ao Reino Unido em busca de asilo. Em resposta a uma pergunta do Parlamento, o secret\u00e1rio de Estado de Imigra\u00e7\u00e3o, Robert Jenrick, informou que, desde julho de 2021, foram alojados em hot\u00e9is cerca de 4.600 menores migrantes desacompanhados.<\/strong><\/p>\n<p>Os solicitantes de asilo n\u00e3o s\u00e3o retidos nos hot\u00e9is e t\u00eam liberdade para sair deles. Desde ent\u00e3o, foram denunciados 440 desaparecimentos, e 200 menores continuam sem ser localizados. Destes, 13 t\u00eam menos de 16 anos e apenas um \u00e9 menina.<\/p>\n<p>Oitenta e oito por cento dos jovens dados como desaparecidos s\u00e3o albaneses. Os demais procedem de Afeganist\u00e3o, Egito, \u00cdndia, Vietn\u00e3, Paquist\u00e3o e Turquia. A deputada do partido ambientalista Caroline Lucas, que fez a pergunta ao Parlamento, denominou de &#8220;horr\u00edvel&#8221; o fato de que &#8220;crian\u00e7as vulner\u00e1veis sejam abandonadas&#8221; pelo Minist\u00e9rio do Interior. No domingo, o The Observer, edi\u00e7\u00e3o dominical do jornal The Guardian, noticiou o sequestro de crian\u00e7as em um hotel na cidade costeira de Brighton, citando uma pessoa que trabalha com o Minist\u00e9rio do Interior e fontes do servi\u00e7o de prote\u00e7\u00e3o aos menores.<\/p>\n<p>A pol\u00edcia de Sussex, no sul da Inglaterra, disse \u00e0 AFP que &#8220;n\u00e3o tinha recebido nenhuma den\u00fancia de pessoas sequestradas nos hot\u00e9is&#8221;. No entanto, acrescentou que, em maio de 2022, foi informado de que &#8220;duas crian\u00e7as alojadas em um desses hot\u00e9is tinham embarcado em um carro&#8221; perto de um hotel. O ve\u00edculo foi parado na rodovia e dois homens foram &#8220;detidos como suspeitos de tentativa de tr\u00e1fico de seres humanos&#8221;. &#8220;Tr\u00eas jovens passageiros foram postos \u00e0 disposi\u00e7\u00e3o do Minist\u00e9rio do Interior&#8221; e a investiga\u00e7\u00e3o est\u00e1 em curso, prosseguiu. O governo conservador brit\u00e2nico tem sido criticado nos \u00faltimos meses pelas condi\u00e7\u00f5es de acolhida dos cada vez mais numerosos migrantes irregulares que chegam pelo mar vindos da costa francesa.<\/p>\n","protected":false},"excerpt":{"rendered":"<p>Autoridades brit\u00e2nicas admitiram, na ter\u00e7a-feira (24), que n\u00e3o sabem onde est\u00e3o cerca de 200 menores que estavam alojados em hot\u00e9is ap\u00f3s chegarem desacompanhados dos pais ao Reino Unido em busca de asilo. Em resposta a uma pergunta do Parlamento, o secret\u00e1rio de Estado de Imigra\u00e7\u00e3o, Robert Jenrick, informou que, desde julho de 2021, foram alojados em hot\u00e9is cerca de 4.600 menores migrantes desacompanhados. Os solicitantes de asilo n\u00e3o s\u00e3o retidos nos hot\u00e9is e t\u00eam liberdade para sair deles. Desde ent\u00e3o, foram denunciados 440 desaparecimentos, e 200 menores continuam sem ser localizados. Destes, 13 t\u00eam menos de 16 anos e apenas [&hellip;]<\/p>\n","protected":false},"author":1,"featured_media":54093,"comment_status":"open","ping_status":"closed","sticky":false,"template":"","format":"standard","meta":{"_links_to":"","_links_to_target":""},"categories":[3,8,1],"tags":[],"views":700,"_links":{"self":[{"href":"https:\/\/www.brazilianpress.com\/v1\/wp-json\/wp\/v2\/posts\/54092"}],"collection":[{"href":"https:\/\/www.brazilianpress.com\/v1\/wp-json\/wp\/v2\/posts"}],"about":[{"href":"https:\/\/www.brazilianpress.com\/v1\/wp-json\/wp\/v2\/types\/post"}],"author":[{"embeddable":true,"href":"https:\/\/www.brazilianpress.com\/v1\/wp-json\/wp\/v2\/users\/1"}],"replies":[{"embeddable":true,"href":"https:\/\/www.brazilianpress.com\/v1\/wp-json\/wp\/v2\/comments?post=54092"}],"version-history":[{"count":1,"href":"https:\/\/www.brazilianpress.com\/v1\/wp-json\/wp\/v2\/posts\/54092\/revisions"}],"predecessor-version":[{"id":54094,"href":"https:\/\/www.brazilianpress.com\/v1\/wp-json\/wp\/v2\/posts\/54092\/revisions\/54094"}],"wp:featuredmedia":[{"embeddable":true,"href":"https:\/\/www.brazilianpress.com\/v1\/wp-json\/wp\/v2\/media\/54093"}],"wp:attachment":[{"href":"https:\/\/www.brazilianpress.com\/v1\/wp-json\/wp\/v2\/media?parent=54092"}],"wp:term":[{"taxonomy":"category","embeddable":true,"href":"https:\/\/www.brazilianpress.com\/v1\/wp-json\/wp\/v2\/categories?post=54092"},{"taxonomy":"post_tag","embeddable":true,"href":"https:\/\/www.brazilianpress.com\/v1\/wp-json\/wp\/v2\/tags?post=54092"}],"curies":[{"name":"wp","href":"https:\/\/api.w.org\/{rel}","templated":true}]}}