{"id":54098,"date":"2023-01-27T10:05:31","date_gmt":"2023-01-27T14:05:31","guid":{"rendered":"https:\/\/www.brazilianpress.com\/v1\/?p=54098"},"modified":"2023-01-27T10:05:31","modified_gmt":"2023-01-27T14:05:31","slug":"sem-bolsonaro-michelle-chega-a-brasilia-apos-viagem-aos-eua","status":"publish","type":"post","link":"https:\/\/www.brazilianpress.com\/v1\/2023\/01\/27\/sem-bolsonaro-michelle-chega-a-brasilia-apos-viagem-aos-eua\/","title":{"rendered":"Sem Bolsonaro, Michelle chega a Bras\u00edlia ap\u00f3s viagem aos EUA"},"content":{"rendered":"<p><strong>A ex-primeira-dama Michelle Bolsonaro desembarcou no Aeroporto de Bras\u00edlia na noite de 5\u00aa feira (26.jan.2023), depois de viagem com a fam\u00edlia para os Estados Unidos. O ex-presidente Jair Bolsonaro (PL) n\u00e3o estava com a mulher.<\/strong><\/p>\n<p>Imagens de Michelle usando um bon\u00e9 azul, blusa de moletom de cor clara e m\u00e1scara facial foram captadas. Em 30 de dezembro, a ent\u00e3o primeira-dama viajou com o marido e a filha Laura, de 12 anos, para os EUA. Desde ent\u00e3o, a fam\u00edlia estava hospedada em uma casa de f\u00e9rias do ex-lutador de MMA Jos\u00e9 Aldo, na cidade de Kissimmee, a cerca de 35 quil\u00f4metros de Orlando.<\/p>\n<p><img src=\"https:\/\/uploads.metropoles.com\/wp-content\/uploads\/2023\/01\/26201742\/WhatsApp-Image-2023-01-26-at-20.09.31-1024x684.jpeg\" alt=\"Michelle Bolsonaro desembarca em Bras\u00edlia voltando dos Estados Unidos |  Metr\u00f3poles\" \/><\/p>\n<p>A filha de Bolsonaro j\u00e1 retornou ao Brasil por causa do per\u00edodo escolar. N\u00e3o se sabe, por\u00e9m, quando Bolsonaro voltar\u00e1 ao pa\u00eds. O vereador Carlos Bolsonaro (Republicanos-RJ) est\u00e1 no pa\u00eds norte-americano com o pai. Depois de um epis\u00f3dio de obstru\u00e7\u00e3o intestinal, o ex-presidente disse que anteciparia retorno ao Brasil para se consultar com os m\u00e9dicos que o acompanham. Ele chegou a ficar 1 dia internado em hospital dos EUA. Ainda n\u00e3o foi informado onde a fam\u00edlia do ex-presidente vai morar.<\/p>\n<p><img src=\"https:\/\/static.poder360.com.br\/2023\/01\/Bolsonaro-orlando2-848x477.png\" alt=\"Michelle publica foto de pizzas com Bolsonaro e maquiador\" \/><\/p>\n","protected":false},"excerpt":{"rendered":"<p>A ex-primeira-dama Michelle Bolsonaro desembarcou no Aeroporto de Bras\u00edlia na noite de 5\u00aa feira (26.jan.2023), depois de viagem com a fam\u00edlia para os Estados Unidos. O ex-presidente Jair Bolsonaro (PL) n\u00e3o estava com a mulher. Imagens de Michelle usando um bon\u00e9 azul, blusa de moletom de cor clara e m\u00e1scara facial foram captadas. Em 30 de dezembro, a ent\u00e3o primeira-dama viajou com o marido e a filha Laura, de 12 anos, para os EUA. Desde ent\u00e3o, a fam\u00edlia estava hospedada em uma casa de f\u00e9rias do ex-lutador de MMA Jos\u00e9 Aldo, na cidade de Kissimmee, a cerca de 35 quil\u00f4metros [&hellip;]<\/p>\n","protected":false},"author":1,"featured_media":54099,"comment_status":"open","ping_status":"closed","sticky":false,"template":"","format":"standard","meta":{"_links_to":"","_links_to_target":""},"categories":[7,3,1],"tags":[],"views":837,"_links":{"self":[{"href":"https:\/\/www.brazilianpress.com\/v1\/wp-json\/wp\/v2\/posts\/54098"}],"collection":[{"href":"https:\/\/www.brazilianpress.com\/v1\/wp-json\/wp\/v2\/posts"}],"about":[{"href":"https:\/\/www.brazilianpress.com\/v1\/wp-json\/wp\/v2\/types\/post"}],"author":[{"embeddable":true,"href":"https:\/\/www.brazilianpress.com\/v1\/wp-json\/wp\/v2\/users\/1"}],"replies":[{"embeddable":true,"href":"https:\/\/www.brazilianpress.com\/v1\/wp-json\/wp\/v2\/comments?post=54098"}],"version-history":[{"count":1,"href":"https:\/\/www.brazilianpress.com\/v1\/wp-json\/wp\/v2\/posts\/54098\/revisions"}],"predecessor-version":[{"id":54100,"href":"https:\/\/www.brazilianpress.com\/v1\/wp-json\/wp\/v2\/posts\/54098\/revisions\/54100"}],"wp:featuredmedia":[{"embeddable":true,"href":"https:\/\/www.brazilianpress.com\/v1\/wp-json\/wp\/v2\/media\/54099"}],"wp:attachment":[{"href":"https:\/\/www.brazilianpress.com\/v1\/wp-json\/wp\/v2\/media?parent=54098"}],"wp:term":[{"taxonomy":"category","embeddable":true,"href":"https:\/\/www.brazilianpress.com\/v1\/wp-json\/wp\/v2\/categories?post=54098"},{"taxonomy":"post_tag","embeddable":true,"href":"https:\/\/www.brazilianpress.com\/v1\/wp-json\/wp\/v2\/tags?post=54098"}],"curies":[{"name":"wp","href":"https:\/\/api.w.org\/{rel}","templated":true}]}}