{"id":54104,"date":"2023-01-28T10:57:12","date_gmt":"2023-01-28T14:57:12","guid":{"rendered":"https:\/\/www.brazilianpress.com\/v1\/?p=54104"},"modified":"2023-01-28T10:57:12","modified_gmt":"2023-01-28T14:57:12","slug":"tennessee-policiais-acusados-da-morte-do-jovem-negro-tyre-nichols-serao-investigados-e-processados","status":"publish","type":"post","link":"https:\/\/www.brazilianpress.com\/v1\/2023\/01\/28\/tennessee-policiais-acusados-da-morte-do-jovem-negro-tyre-nichols-serao-investigados-e-processados\/","title":{"rendered":"Tennessee: Policiais acusados da morte do jovem negro Tyre Nichols ser\u00e3o investigados e processados"},"content":{"rendered":"<p><strong>A autoridade policial do condado de Shelby, Tennessee, nos EUA, abriu investiga\u00e7\u00e3o interna contra dois oficiais que participaram da abordagem que resultou na morte de Tyre Nichols, de 29 anos, no in\u00edcio de janeiro. Na noite de 7 de janeiro o carro de Nichols foi parado pela pol\u00edcia, sob suspeita de &#8220;dire\u00e7\u00e3o imprudente&#8221;. A abordagem resultou no espancamento e pris\u00e3o de Nichols pelos policiais.<\/strong><\/p>\n<p>Ele morreu tr\u00eas dias depois no hospital em raz\u00e3o dos ferimentos. O caso gerou grande como\u00e7\u00e3o nos Estados Unidos depois que as autoridades de Memphis divulgaram, nesta sexta (27), v\u00eddeos com imagens das c\u00e2meras corporais dos policiais e de circuitos de v\u00eddeo da cidade (aten\u00e7\u00e3o: imagens fortes) que mostram a brutalidade da a\u00e7\u00e3o.<\/p>\n<p><img src=\"https:\/\/static01.nyt.com\/images\/2023\/01\/27\/multimedia\/27-nat-tyre-kcgh\/27-nat-tyre-kcgh-articleLarge.jpg?quality=75&amp;auto=webp&amp;disable=upscale\" alt=\"Who Was Tyre Nichols? From Sacramento to Memphis, He Cut His Own Path - The  New York Times\" \/><\/p>\n<p>Na noite de sexta o xerife do contado de Shelby, Floyd Bonner Jr, anunciou que a pol\u00edcia iniciou uma investiga\u00e7\u00e3o interna depois de ver as imagens. &#8220;Tendo assistido o v\u00eddeo pela primeira vez hoje \u00e0 noite, preocupam-me dois oficiais que aparecem na cena seguindo o confronto f\u00edsico entre a pol\u00edcia e Tyre Nichols. Lancei uma investiga\u00e7\u00e3o interna sobre a conduta desses oficiais para determinar o que ocorreu e se alguma norma foi infringida. Ambos os oficiais foram afastados de seus cargos enquanto se aguarda o resultado dessa investiga\u00e7\u00e3o administrativa&#8221;, escreveu no Twitter.<\/p>\n<p><img src=\"https:\/\/thehill.com\/wp-content\/uploads\/sites\/2\/2023\/01\/TyreNichols_APbodycam.jpg?strip=1\" alt=\"Lawmakers condemn 'brutal and violent killing' of Tyre Nichols, call for  justice after video of arrest released | The Hill\" \/><\/p>\n<p>Em outra publica\u00e7\u00e3o, no Facebook, Bonner afirmou que expressava suas &#8220;sinceras condol\u00eancias&#8221; \u00e0 fam\u00edlia e amigos de Nichols. &#8220;Estou triste e bravo com sua tr\u00e1gica morte&#8221;, afirmou. O caso da morte de Nichols, funcion\u00e1rio do servi\u00e7o postal FedEx, est\u00e1 sendo comparado ao de Rodney King, de 1991, que teve seu espancamento por policiais de Los Angeles registrado em v\u00eddeo e gerou uma onda de protestos violentos nos EUA. Nichols era um homem negro, assim como s\u00e3o os cinco policiais que participaram da abordagem que resultou em sua morte. Quatro dos cinco policiais foram soltos depois de pagar fian\u00e7a e devem responder acusa\u00e7\u00f5es de assassinato em segundo grau, agress\u00e3o agravada, m\u00e1 conduta oficial e opress\u00e3o oficial. Segundo a Fox News, protestos civis pac\u00edficos foram registrados em Memphis, Los Angeles e Washington nesta madrugada. A fam\u00edlia de Nichols pediu que os protestos pela sua morte sejam pac\u00edficos, sem danos ou saques.<\/p>\n<p><img src=\"https:\/\/ottawa.ctvnews.ca\/content\/dam\/ctvnews\/en\/images\/2023\/1\/27\/tyre-nichols-arrest-1-6250056-1674867590413.jpg\" alt=\"Tyre Nichols: Ottawa police condemn death as 'inexcusable and deeply  troubling' | CTV News\" \/><\/p>\n<p>&#8220;Sou um policial de segunda gera\u00e7\u00e3o e estou preocupado com o que todos vimos capturado em v\u00eddeo. Este incidente horr\u00edvel manchou o distintivo que uso e muitos outros bons policiais usam todos os dias. Farei tudo o que estiver ao meu alcance para impedir que outro pai tenha que enterrar seu filho de maneira t\u00e3o sem sentido e tr\u00e1gica&#8221;, complementou o xerife de Shelby no comunicado. As imagens divulgadas pelas autoridades mostram Nichols tentando escapar dos policiais, que o perseguem, usam armas de choque, xingam, socam, chutam e usam spray de pimenta contra ele, deixando-o ensanguentado no ch\u00e3o. O advogado de um dos policiais afirmou que seu cliente s\u00f3 se manifestar\u00e1 publicamente sobre o caso depois de conduzidas as investiga\u00e7\u00f5es. Se condenados, os policiais podem cumprir penas de at\u00e9 60 anos de pris\u00e3o.<\/p>\n<p><img src=\"https:\/\/static.independent.co.uk\/2023\/01\/23\/20\/newFile.jpg?quality=75&amp;width=1200&amp;auto=webp\" alt=\"Everything we know about the death of Tyre Nichols | The Independent\" \/><\/p>\n<p><img src=\"https:\/\/people.com\/thmb\/bZB6xQz48TXr1Vw84PMp_Wdl2DY=\/1500x0\/filters:no_upscale():max_bytes(150000):strip_icc():focal(749x0:751x2)\/tyre-nichols20230127_58-a39e38eaff444f828168aeb7766c2f34.jpg\" alt=\"Tyre Nichols: Who Was Memphis Man Allegedly Murdered by Police?\" \/><\/p>\n<p>\/\/ Fonte: Gazeta do Povo.<\/p>\n","protected":false},"excerpt":{"rendered":"<p>A autoridade policial do condado de Shelby, Tennessee, nos EUA, abriu investiga\u00e7\u00e3o interna contra dois oficiais que participaram da abordagem que resultou na morte de Tyre Nichols, de 29 anos, no in\u00edcio de janeiro. Na noite de 7 de janeiro o carro de Nichols foi parado pela pol\u00edcia, sob suspeita de &#8220;dire\u00e7\u00e3o imprudente&#8221;. A abordagem resultou no espancamento e pris\u00e3o de Nichols pelos policiais. Ele morreu tr\u00eas dias depois no hospital em raz\u00e3o dos ferimentos. O caso gerou grande como\u00e7\u00e3o nos Estados Unidos depois que as autoridades de Memphis divulgaram, nesta sexta (27), v\u00eddeos com imagens das c\u00e2meras corporais dos [&hellip;]<\/p>\n","protected":false},"author":1,"featured_media":54105,"comment_status":"open","ping_status":"closed","sticky":false,"template":"","format":"standard","meta":{"_links_to":"","_links_to_target":""},"categories":[3,1,10],"tags":[],"views":672,"_links":{"self":[{"href":"https:\/\/www.brazilianpress.com\/v1\/wp-json\/wp\/v2\/posts\/54104"}],"collection":[{"href":"https:\/\/www.brazilianpress.com\/v1\/wp-json\/wp\/v2\/posts"}],"about":[{"href":"https:\/\/www.brazilianpress.com\/v1\/wp-json\/wp\/v2\/types\/post"}],"author":[{"embeddable":true,"href":"https:\/\/www.brazilianpress.com\/v1\/wp-json\/wp\/v2\/users\/1"}],"replies":[{"embeddable":true,"href":"https:\/\/www.brazilianpress.com\/v1\/wp-json\/wp\/v2\/comments?post=54104"}],"version-history":[{"count":1,"href":"https:\/\/www.brazilianpress.com\/v1\/wp-json\/wp\/v2\/posts\/54104\/revisions"}],"predecessor-version":[{"id":54106,"href":"https:\/\/www.brazilianpress.com\/v1\/wp-json\/wp\/v2\/posts\/54104\/revisions\/54106"}],"wp:featuredmedia":[{"embeddable":true,"href":"https:\/\/www.brazilianpress.com\/v1\/wp-json\/wp\/v2\/media\/54105"}],"wp:attachment":[{"href":"https:\/\/www.brazilianpress.com\/v1\/wp-json\/wp\/v2\/media?parent=54104"}],"wp:term":[{"taxonomy":"category","embeddable":true,"href":"https:\/\/www.brazilianpress.com\/v1\/wp-json\/wp\/v2\/categories?post=54104"},{"taxonomy":"post_tag","embeddable":true,"href":"https:\/\/www.brazilianpress.com\/v1\/wp-json\/wp\/v2\/tags?post=54104"}],"curies":[{"name":"wp","href":"https:\/\/api.w.org\/{rel}","templated":true}]}}