{"id":54107,"date":"2023-01-29T11:32:26","date_gmt":"2023-01-29T15:32:26","guid":{"rendered":"https:\/\/www.brazilianpress.com\/v1\/?p=54107"},"modified":"2023-01-29T11:32:26","modified_gmt":"2023-01-29T15:32:26","slug":"policia-federal-prende-em-aeroporto-de-minas-gerais-brasileiros-que-foram-deportados-dos-eua","status":"publish","type":"post","link":"https:\/\/www.brazilianpress.com\/v1\/2023\/01\/29\/policia-federal-prende-em-aeroporto-de-minas-gerais-brasileiros-que-foram-deportados-dos-eua\/","title":{"rendered":"Pol\u00edcia Federal prende em aeroporto de Minas Gerais brasileiros que foram deportados dos EUA"},"content":{"rendered":"<p><strong>A Pol\u00edcia Federal prendeu na noite da \u00faltima sexta-feira (27), tr\u00eas brasileiros, procurados internacionais, que chegaram em voo de deportados dos Estados Unidos. Um deles era foragido da Justi\u00e7a de Santa Catarina pela pr\u00e1tica do crime de estupro de vulner\u00e1vel, possuindo mandado de pris\u00e3o expedido pela 2\u00aa Vara Criminal da Comarca de Crici\u00fama.<\/strong><\/p>\n<p>Outro possui contra ele mandado de pris\u00e3o pela pr\u00e1tica do crime de tr\u00e1fico de drogas expedido pela 2\u00aa Vara Criminal de Guajar\u00e1 do Tribunal de Justi\u00e7a do Estado de Rond\u00f4nia. Contra o \u00faltimo pesa mandado de pris\u00e3o preventiva expedido pelo Ju\u00edzo da 1\u00aa Vara Criminal da Comarca de Governador Valadares pela pr\u00e1tica do crime de homic\u00eddio qualificado e para o qual a Interpol publicou alerta internacional (Difus\u00e3o Vermelha).<\/p>\n<p>Investiga\u00e7\u00f5es apontaram que ele \u00e9 o mandante da execu\u00e7\u00e3o de um traficante rival por vingan\u00e7a, podendo a condena\u00e7\u00e3o chegar a 30 anos de reclus\u00e3o. Eles foram detidos em solo americano pela ICE, U.S. Immigration and Customs Enforcement, a autoridade de Imigra\u00e7\u00e3o dos EUA, em cumprimento aos mandados de busca internacional da Interpol, e por estarem em desacordo com as normas migrat\u00f3rias daquele pa\u00eds. Ao chegarem em territ\u00f3rio brasileiro os tr\u00eas foram presos, submetidos ao exame de corpo de delito e encaminhados ao sistema prisional.<\/p>\n","protected":false},"excerpt":{"rendered":"<p>A Pol\u00edcia Federal prendeu na noite da \u00faltima sexta-feira (27), tr\u00eas brasileiros, procurados internacionais, que chegaram em voo de deportados dos Estados Unidos. Um deles era foragido da Justi\u00e7a de Santa Catarina pela pr\u00e1tica do crime de estupro de vulner\u00e1vel, possuindo mandado de pris\u00e3o expedido pela 2\u00aa Vara Criminal da Comarca de Crici\u00fama. Outro possui contra ele mandado de pris\u00e3o pela pr\u00e1tica do crime de tr\u00e1fico de drogas expedido pela 2\u00aa Vara Criminal de Guajar\u00e1 do Tribunal de Justi\u00e7a do Estado de Rond\u00f4nia. Contra o \u00faltimo pesa mandado de pris\u00e3o preventiva expedido pelo Ju\u00edzo da 1\u00aa Vara Criminal da Comarca [&hellip;]<\/p>\n","protected":false},"author":1,"featured_media":54108,"comment_status":"open","ping_status":"closed","sticky":false,"template":"","format":"standard","meta":{"_links_to":"","_links_to_target":""},"categories":[7,4,3,1],"tags":[],"views":1639,"_links":{"self":[{"href":"https:\/\/www.brazilianpress.com\/v1\/wp-json\/wp\/v2\/posts\/54107"}],"collection":[{"href":"https:\/\/www.brazilianpress.com\/v1\/wp-json\/wp\/v2\/posts"}],"about":[{"href":"https:\/\/www.brazilianpress.com\/v1\/wp-json\/wp\/v2\/types\/post"}],"author":[{"embeddable":true,"href":"https:\/\/www.brazilianpress.com\/v1\/wp-json\/wp\/v2\/users\/1"}],"replies":[{"embeddable":true,"href":"https:\/\/www.brazilianpress.com\/v1\/wp-json\/wp\/v2\/comments?post=54107"}],"version-history":[{"count":1,"href":"https:\/\/www.brazilianpress.com\/v1\/wp-json\/wp\/v2\/posts\/54107\/revisions"}],"predecessor-version":[{"id":54109,"href":"https:\/\/www.brazilianpress.com\/v1\/wp-json\/wp\/v2\/posts\/54107\/revisions\/54109"}],"wp:featuredmedia":[{"embeddable":true,"href":"https:\/\/www.brazilianpress.com\/v1\/wp-json\/wp\/v2\/media\/54108"}],"wp:attachment":[{"href":"https:\/\/www.brazilianpress.com\/v1\/wp-json\/wp\/v2\/media?parent=54107"}],"wp:term":[{"taxonomy":"category","embeddable":true,"href":"https:\/\/www.brazilianpress.com\/v1\/wp-json\/wp\/v2\/categories?post=54107"},{"taxonomy":"post_tag","embeddable":true,"href":"https:\/\/www.brazilianpress.com\/v1\/wp-json\/wp\/v2\/tags?post=54107"}],"curies":[{"name":"wp","href":"https:\/\/api.w.org\/{rel}","templated":true}]}}