{"id":54113,"date":"2023-01-30T18:20:41","date_gmt":"2023-01-30T22:20:41","guid":{"rendered":"https:\/\/www.brazilianpress.com\/v1\/?p=54113"},"modified":"2023-01-30T18:20:41","modified_gmt":"2023-01-30T22:20:41","slug":"diplomata-elizabeth-bagley-e-aprovada-pelo-senado-como-nova-embaixadora-dos-eua-no-brasil","status":"publish","type":"post","link":"https:\/\/www.brazilianpress.com\/v1\/2023\/01\/30\/diplomata-elizabeth-bagley-e-aprovada-pelo-senado-como-nova-embaixadora-dos-eua-no-brasil\/","title":{"rendered":"Diplomata Elizabeth Bagley \u00e9 aprovada pelo Senado como nova embaixadora dos EUA no Brasil"},"content":{"rendered":"<p><strong>Elizabeth Bagley, 70 anos, nova embaixadora dos EUA no Brasil, desembarcar\u00e1 em Bras\u00edlia a 1h de 4\u00aa feira (1\u00ba.fev.2023). Far\u00e1 uma declara\u00e7\u00e3o no aeroporto. N\u00e3o responder\u00e1 a perguntas de jornalistas antes de apresentar as credenciais ao governo brasileiro. N\u00e3o h\u00e1 data para isso ainda.<\/strong><\/p>\n<p>Bagley foi indicada para o cargo pelo presidente Joe Biden em janeiro de 2022. S\u00f3 em dezembro o Senado dos EUA aprovou o nome. A Embaixada dos EUA tem um encarregado de neg\u00f3cios desde o fim de julho de 2021.<\/p>\n<p><img src=\"https:\/\/media.gettyimages.com\/id\/142352129\/photo\/american-ireland-fund-party-in-nantucket.jpg?s=1024x1024&amp;w=gi&amp;k=20&amp;c=ZnZNm8tQgGutpSg78Ktd_VfU3cWdG9aGYXuFGAPfado=\" alt=\"American Ireland Fund Party In Nantucket\" \/><\/p>\n<p>No governo de Jair Bolsonaro (PL) houve s\u00f3 16 meses com um embaixador no cargo. Eis os chefes da Embaixada dos EUA no Brasil desde novembro de 2018:<\/p>\n<ul>\n<li><strong>William Popp (nov.2018-mar.2020) \u2013 encarregado de neg\u00f3cios;<\/strong><\/li>\n<li><strong>Todd Chapman (mar.2020-jul.2021) \u2013 embaixador;<\/strong><\/li>\n<li><strong>Douglas Koneff (jul.2021-jan.2023) \u2013 encarregado de neg\u00f3cios.<\/strong><\/li>\n<\/ul>\n<p>Chapman havia sido escolhido pelo ent\u00e3o presidente norte-americano Donald Trump. Tornou-se pr\u00f3ximo de Bolsonaro. Depois que Joe Biden assumiu a presid\u00eancia, em 2021, ficou mais 6 meses no cargo e se aposentou. Bagley trabalha h\u00e1 40 anos como advogada e diplomata. Foi embaixadora em Portugal e assessora dos secret\u00e1rios de Estado John Kerry, Hillary Clinton e Madeleine Albright.<\/p>\n<p>\/\/ Poder360.<\/p>\n","protected":false},"excerpt":{"rendered":"<p>Elizabeth Bagley, 70 anos, nova embaixadora dos EUA no Brasil, desembarcar\u00e1 em Bras\u00edlia a 1h de 4\u00aa feira (1\u00ba.fev.2023). Far\u00e1 uma declara\u00e7\u00e3o no aeroporto. N\u00e3o responder\u00e1 a perguntas de jornalistas antes de apresentar as credenciais ao governo brasileiro. N\u00e3o h\u00e1 data para isso ainda. Bagley foi indicada para o cargo pelo presidente Joe Biden em janeiro de 2022. S\u00f3 em dezembro o Senado dos EUA aprovou o nome. A Embaixada dos EUA tem um encarregado de neg\u00f3cios desde o fim de julho de 2021. No governo de Jair Bolsonaro (PL) houve s\u00f3 16 meses com um embaixador no cargo. Eis [&hellip;]<\/p>\n","protected":false},"author":1,"featured_media":54114,"comment_status":"open","ping_status":"closed","sticky":false,"template":"","format":"standard","meta":{"_links_to":"","_links_to_target":""},"categories":[3,1,10],"tags":[],"views":588,"_links":{"self":[{"href":"https:\/\/www.brazilianpress.com\/v1\/wp-json\/wp\/v2\/posts\/54113"}],"collection":[{"href":"https:\/\/www.brazilianpress.com\/v1\/wp-json\/wp\/v2\/posts"}],"about":[{"href":"https:\/\/www.brazilianpress.com\/v1\/wp-json\/wp\/v2\/types\/post"}],"author":[{"embeddable":true,"href":"https:\/\/www.brazilianpress.com\/v1\/wp-json\/wp\/v2\/users\/1"}],"replies":[{"embeddable":true,"href":"https:\/\/www.brazilianpress.com\/v1\/wp-json\/wp\/v2\/comments?post=54113"}],"version-history":[{"count":1,"href":"https:\/\/www.brazilianpress.com\/v1\/wp-json\/wp\/v2\/posts\/54113\/revisions"}],"predecessor-version":[{"id":54115,"href":"https:\/\/www.brazilianpress.com\/v1\/wp-json\/wp\/v2\/posts\/54113\/revisions\/54115"}],"wp:featuredmedia":[{"embeddable":true,"href":"https:\/\/www.brazilianpress.com\/v1\/wp-json\/wp\/v2\/media\/54114"}],"wp:attachment":[{"href":"https:\/\/www.brazilianpress.com\/v1\/wp-json\/wp\/v2\/media?parent=54113"}],"wp:term":[{"taxonomy":"category","embeddable":true,"href":"https:\/\/www.brazilianpress.com\/v1\/wp-json\/wp\/v2\/categories?post=54113"},{"taxonomy":"post_tag","embeddable":true,"href":"https:\/\/www.brazilianpress.com\/v1\/wp-json\/wp\/v2\/tags?post=54113"}],"curies":[{"name":"wp","href":"https:\/\/api.w.org\/{rel}","templated":true}]}}